{"id":2019,"date":"2024-10-15T16:25:30","date_gmt":"2024-10-15T14:25:30","guid":{"rendered":"https:\/\/cours-particuliers.com\/?p=2019"},"modified":"2025-10-09T12:00:57","modified_gmt":"2025-10-09T10:00:57","slug":"com-vacances-scolaires","status":"publish","type":"post","link":"https:\/\/cours-particuliers.com\/com-vacances-scolaires\/","title":{"rendered":"Les Vacances scolaires 2025-2026 dans les collectivit\u00e9s d\u2019outre-mer !"},"content":{"rendered":"<div id=\"ez-toc-container\" class=\"ez-toc-v2_0_67_1 counter-hierarchy ez-toc-counter ez-toc-grey ez-toc-container-direction\">\n<div class=\"ez-toc-title-container\">\n<p class=\"ez-toc-title \" >A lire dans cet article :<\/p>\n<span class=\"ez-toc-title-toggle\"><a href=\"#\" class=\"ez-toc-pull-right ez-toc-btn ez-toc-btn-xs ez-toc-btn-default ez-toc-toggle\" aria-label=\"Toggle Table of Content\"><span class=\"ez-toc-js-icon-con\"><span class=\"\"><span class=\"eztoc-hide\" style=\"display:none;\">Toggle<\/span><span class=\"ez-toc-icon-toggle-span\"><svg style=\"fill: #999;color:#999\" xmlns=\"http:\/\/www.w3.org\/2000\/svg\" class=\"list-377408\" width=\"20px\" height=\"20px\" viewBox=\"0 0 24 24\" fill=\"none\"><path d=\"M6 6H4v2h2V6zm14 0H8v2h12V6zM4 11h2v2H4v-2zm16 0H8v2h12v-2zM4 16h2v2H4v-2zm16 0H8v2h12v-2z\" fill=\"currentColor\"><\/path><\/svg><svg style=\"fill: #999;color:#999\" class=\"arrow-unsorted-368013\" xmlns=\"http:\/\/www.w3.org\/2000\/svg\" width=\"10px\" height=\"10px\" viewBox=\"0 0 24 24\" version=\"1.2\" baseProfile=\"tiny\"><path d=\"M18.2 9.3l-6.2-6.3-6.2 6.3c-.2.2-.3.4-.3.7s.1.5.3.7c.2.2.4.3.7.3h11c.3 0 .5-.1.7-.3.2-.2.3-.5.3-.7s-.1-.5-.3-.7zM5.8 14.7l6.2 6.3 6.2-6.3c.2-.2.3-.5.3-.7s-.1-.5-.3-.7c-.2-.2-.4-.3-.7-.3h-11c-.3 0-.5.1-.7.3-.2.2-.3.5-.3.7s.1.5.3.7z\"\/><\/svg><\/span><\/span><\/span><\/a><\/span><\/div>\n<nav><ul class='ez-toc-list ez-toc-list-level-1 ' ><li class='ez-toc-page-1 ez-toc-heading-level-2'><a class=\"ez-toc-link ez-toc-heading-1\" href=\"https:\/\/cours-particuliers.com\/com-vacances-scolaires\/#Vacances_scolaires_2025-2026_les_dates_en_Polynesie_francaise\" title=\"Vacances scolaires\u00a02025-2026\u00a0: les dates en Polyn\u00e9sie fran\u00e7aise\">Vacances scolaires\u00a02025-2026\u00a0: les dates en Polyn\u00e9sie fran\u00e7aise<\/a><ul class='ez-toc-list-level-3' ><li class='ez-toc-heading-level-3'><a class=\"ez-toc-link ez-toc-heading-2\" href=\"https:\/\/cours-particuliers.com\/com-vacances-scolaires\/#Calendrier_des_vacances_scolaires_2025-2026\" title=\"Calendrier des vacances scolaires 2025-2026\">Calendrier des vacances scolaires 2025-2026<\/a><\/li><li class='ez-toc-page-1 ez-toc-heading-level-3'><a class=\"ez-toc-link ez-toc-heading-3\" href=\"https:\/\/cours-particuliers.com\/com-vacances-scolaires\/#Ponts_et_jours_feries_2025-2026_en_Polynesie_francaise\" title=\"Ponts et jours f\u00e9ri\u00e9s\u00a02025-2026 en Polyn\u00e9sie fran\u00e7aise\">Ponts et jours f\u00e9ri\u00e9s\u00a02025-2026 en Polyn\u00e9sie fran\u00e7aise<\/a><\/li><\/ul><\/li><li class='ez-toc-page-1 ez-toc-heading-level-2'><a class=\"ez-toc-link ez-toc-heading-4\" href=\"https:\/\/cours-particuliers.com\/com-vacances-scolaires\/#Saint-Barthelemy_calendrier_scolaire_et_jours_feries_2025-2026\" title=\"Saint-Barth\u00e9lemy : calendrier scolaire et jours f\u00e9ri\u00e9s 2025-2026\">Saint-Barth\u00e9lemy : calendrier scolaire et jours f\u00e9ri\u00e9s 2025-2026<\/a><ul class='ez-toc-list-level-3' ><li class='ez-toc-heading-level-3'><a class=\"ez-toc-link ez-toc-heading-5\" href=\"https:\/\/cours-particuliers.com\/com-vacances-scolaires\/#Dates_des_pauses_2025-2026_dans_la_zone_Saint-Barth\" title=\"Dates des pauses 2025-2026 dans la zone Saint-Barth\">Dates des pauses 2025-2026 dans la zone Saint-Barth<\/a><\/li><li class='ez-toc-page-1 ez-toc-heading-level-3'><a class=\"ez-toc-link ez-toc-heading-6\" href=\"https:\/\/cours-particuliers.com\/com-vacances-scolaires\/#Ponts_et_jours_feries_2025-2026_a_Saint-Barthelemy\" title=\"Ponts et jours f\u00e9ri\u00e9s\u00a02025-2026 \u00e0 Saint-Barth\u00e9lemy\">Ponts et jours f\u00e9ri\u00e9s\u00a02025-2026 \u00e0 Saint-Barth\u00e9lemy<\/a><\/li><\/ul><\/li><li class='ez-toc-page-1 ez-toc-heading-level-2'><a class=\"ez-toc-link ez-toc-heading-7\" href=\"https:\/\/cours-particuliers.com\/com-vacances-scolaires\/#Vacances_scolaires_2025-2026_le_calendrier_a_Saint-Pierre-et-Miquelon\" title=\"Vacances scolaires\u00a02025-2026\u00a0: le calendrier \u00e0 Saint-Pierre-et-Miquelon\">Vacances scolaires\u00a02025-2026\u00a0: le calendrier \u00e0 Saint-Pierre-et-Miquelon<\/a><ul class='ez-toc-list-level-3' ><li class='ez-toc-heading-level-3'><a class=\"ez-toc-link ez-toc-heading-8\" href=\"https:\/\/cours-particuliers.com\/com-vacances-scolaires\/#Vacances_2025-2026_a_Saint-Pierre-et-Miquelon\" title=\"Vacances\u00a02025-2026 \u00e0 Saint-Pierre-et-Miquelon\">Vacances\u00a02025-2026 \u00e0 Saint-Pierre-et-Miquelon<\/a><\/li><li class='ez-toc-page-1 ez-toc-heading-level-3'><a class=\"ez-toc-link ez-toc-heading-9\" href=\"https:\/\/cours-particuliers.com\/com-vacances-scolaires\/#Journee_sans_ecole_a_Saint-Pierre-et-Miquelon_en_2025-2026\" title=\"Journ\u00e9e sans \u00e9cole \u00e0 Saint-Pierre-et-Miquelon en\u00a02025-2026\">Journ\u00e9e sans \u00e9cole \u00e0 Saint-Pierre-et-Miquelon en\u00a02025-2026<\/a><\/li><\/ul><\/li><li class='ez-toc-page-1 ez-toc-heading-level-2'><a class=\"ez-toc-link ez-toc-heading-10\" href=\"https:\/\/cours-particuliers.com\/com-vacances-scolaires\/#Vacances_scolaires_2025-2026_a_Saint-Martin\" title=\"Vacances scolaires\u00a02025-2026 \u00e0 Saint-Martin\">Vacances scolaires\u00a02025-2026 \u00e0 Saint-Martin<\/a><ul class='ez-toc-list-level-3' ><li class='ez-toc-heading-level-3'><a class=\"ez-toc-link ez-toc-heading-11\" href=\"https:\/\/cours-particuliers.com\/com-vacances-scolaires\/#Agenda_de_vacances_2025-2026_a_saint-Martin\" title=\"Agenda de vacances 2025-2026 \u00e0 saint-Martin\">Agenda de vacances 2025-2026 \u00e0 saint-Martin<\/a><\/li><li class='ez-toc-page-1 ez-toc-heading-level-3'><a class=\"ez-toc-link ez-toc-heading-12\" href=\"https:\/\/cours-particuliers.com\/com-vacances-scolaires\/#Ponts_et_jours_feries_2025-2026_a_Saint-Martin\" title=\"Ponts et jours f\u00e9ri\u00e9s\u00a02025-2026 \u00e0 Saint-Martin\">Ponts et jours f\u00e9ri\u00e9s\u00a02025-2026 \u00e0 Saint-Martin<\/a><\/li><\/ul><\/li><li class='ez-toc-page-1 ez-toc-heading-level-2'><a class=\"ez-toc-link ez-toc-heading-13\" href=\"https:\/\/cours-particuliers.com\/com-vacances-scolaires\/#Vacances_scolaires_2025-2026_le_calendrier_a_Wallis-et-Futuna\" title=\"Vacances scolaires\u00a02025-2026\u00a0: le calendrier \u00e0 Wallis-et-Futuna\">Vacances scolaires\u00a02025-2026\u00a0: le calendrier \u00e0 Wallis-et-Futuna<\/a><ul class='ez-toc-list-level-3' ><li class='ez-toc-heading-level-3'><a class=\"ez-toc-link ez-toc-heading-14\" href=\"https:\/\/cours-particuliers.com\/com-vacances-scolaires\/#Pauses_academiques_2025-2026_a_Wallis-et-Futuna\" title=\"Pauses acad\u00e9miques 2025-2026 \u00e0 Wallis-et-Futuna\">Pauses acad\u00e9miques 2025-2026 \u00e0 Wallis-et-Futuna<\/a><\/li><li class='ez-toc-page-1 ez-toc-heading-level-3'><a class=\"ez-toc-link ez-toc-heading-15\" href=\"https:\/\/cours-particuliers.com\/com-vacances-scolaires\/#Ponts_et_jours_feries_2025-2026\" title=\"Ponts et jours f\u00e9ri\u00e9s\u00a02025-2026\">Ponts et jours f\u00e9ri\u00e9s\u00a02025-2026<\/a><\/li><\/ul><\/li><li class='ez-toc-page-1 ez-toc-heading-level-2'><a class=\"ez-toc-link ez-toc-heading-16\" href=\"https:\/\/cours-particuliers.com\/com-vacances-scolaires\/#Vacances_scolaires_2025-2026_en_Nouvelle-Caledonie\" title=\"Vacances scolaires\u00a02025-2026 en Nouvelle-Cal\u00e9donie\">Vacances scolaires\u00a02025-2026 en Nouvelle-Cal\u00e9donie<\/a><ul class='ez-toc-list-level-3' ><li class='ez-toc-heading-level-3'><a class=\"ez-toc-link ez-toc-heading-17\" href=\"https:\/\/cours-particuliers.com\/com-vacances-scolaires\/#Planning_des_vacances_dans_le_vice-rectorat_de_la_Nouvelle-Caledonie\" title=\"Planning des vacances dans le vice-rectorat de la Nouvelle-Cal\u00e9donie\">Planning des vacances dans le vice-rectorat de la Nouvelle-Cal\u00e9donie<\/a><\/li><li class='ez-toc-page-1 ez-toc-heading-level-3'><a class=\"ez-toc-link ez-toc-heading-18\" href=\"https:\/\/cours-particuliers.com\/com-vacances-scolaires\/#Ponts_et_jours_feries_2025-2026-2\" title=\"Ponts et jours f\u00e9ri\u00e9s\u00a02025-2026\">Ponts et jours f\u00e9ri\u00e9s\u00a02025-2026<\/a><\/li><\/ul><\/li><\/ul><\/nav><\/div>\n<p>Vous planifiez un s\u00e9jour en famille ou cherchez simplement \u00e0 organiser l\u2019ann\u00e9e\u00a0\u00e0 venir ? Le calendrier scolaire dans les collectivit\u00e9s d\u2019outre-mer suit un rythme bien particulier.<\/p>\n<p>Retrouvez ici toutes les\u00a0dates\u00a0officielles des <a href=\"https:\/\/cours-particuliers.com\/vacances-scolaires-france\/\">vacances scolaires\u00a02025-2026<\/a> dans chaque circonscription des COM.<\/p>\n<h2 style=\"text-align: justify;\"><span class=\"ez-toc-section\" id=\"Vacances_scolaires_2025-2026_les_dates_en_Polynesie_francaise\"><\/span>Vacances scolaires\u00a02025-2026\u00a0: les dates en Polyn\u00e9sie fran\u00e7aise<span class=\"ez-toc-section-end\"><\/span><\/h2>\n<p>La Polyn\u00e9sie fran\u00e7aise poss\u00e8de une organisation scolaire adapt\u00e9e \u00e0 son lieu g\u00e9ographique, propre aux zones d\u2019outre-mer. Pour cette collectivit\u00e9, les cours sont rythm\u00e9s par des interruptions parfois diff\u00e9rentes du r\u00e9gime m\u00e9tropolitain.<\/p>\n<figure id=\"attachment_198502\" aria-describedby=\"caption-attachment-198502\" style=\"width: 1024px\" class=\"wp-caption aligncenter\"><img loading=\"lazy\" decoding=\"async\" class=\"size-large wp-image-198502\" src=\"https:\/\/cours-particuliers.com\/wp-content\/uploads\/2024\/10\/montagne-bungalows-lagon-1024x576.jpg\" alt=\"Vue d'une \u00e9tendue d'eau avec une v\u00e9g\u00e9tation tropicale.\" width=\"1024\" height=\"576\"><figcaption id=\"caption-attachment-198502\" class=\"wp-caption-text\">Qui n&rsquo;a jamais r\u00eav\u00e9 d&rsquo;aller passer des vacances \u00e0 Bora-Bora, sur l&rsquo;\u00eele de Tahiti ?<\/figcaption><\/figure>\n<h3><span class=\"ez-toc-section\" id=\"Calendrier_des_vacances_scolaires_2025-2026\"><\/span>Calendrier des vacances scolaires 2025-2026<span class=\"ez-toc-section-end\"><\/span><\/h3>\n<p>Voici les dates essentielles pour planifier efficacement vos <a href=\"https:\/\/cours-particuliers.com\/calendrier-vacances-scolaires-france\/\">vacances 2025-2026 en m\u00e9tropole<\/a> :<\/p>\n<table>\n<tbody>\n<tr>\n<td width=\"302\">P\u00e9riode<\/td>\n<td width=\"302\">Intervalle<\/td>\n<\/tr>\n<tr>\n<td width=\"302\">Rentr\u00e9e\u00a02025<\/td>\n<td width=\"302\">12 ao\u00fbt 2025<\/td>\n<\/tr>\n<tr>\n<td width=\"302\">Pause septembre<\/td>\n<td width=\"302\">13 septembre 2025 \u2013 22 septembre 2025<\/td>\n<\/tr>\n<tr>\n<td width=\"302\">Pause octobre<\/td>\n<td width=\"302\">25 octobre 2025 \u2013 10 novembre 2025<\/td>\n<\/tr>\n<tr>\n<td width=\"302\">No\u00ebl<\/td>\n<td width=\"302\">13 d\u00e9cembre 2025 \u2013 12 janvier 2026<\/td>\n<\/tr>\n<tr>\n<td width=\"302\">Pause f\u00e9vrier<\/td>\n<td width=\"302\">14 f\u00e9vrier 2026 \u2013 23 f\u00e9vrier 2026<\/td>\n<\/tr>\n<tr>\n<td width=\"302\">P\u00e2ques\u00a02026<\/td>\n<td width=\"302\">30 mars 2026 \u2013 13 avril 2026<\/td>\n<\/tr>\n<tr>\n<td width=\"302\">Semaine en mai<\/td>\n<td width=\"302\">23 mai 2026 \u2013 1<sup>er<\/sup> juin 2026<\/td>\n<\/tr>\n<tr>\n<td width=\"302\">\u00c9t\u00e9\u00a02026<\/td>\n<td width=\"302\">3 juillet (\u00e9coles), 4 juillet coll\u00e8ges et lyc\u00e9es)<\/td>\n<\/tr>\n<\/tbody>\n<\/table>\n<p>Les \u00e9l\u00e8ves doivent profiter de chaque pause pour alterner repos et apprentissage. Message du prof pour ceux qui pr\u00e9parent l\u2019\u00e9preuve nationale du brevet ou du bac\u00a0: travaillez le matin quand l\u2019esprit est frais, puis savourez vos pauses l\u2019apr\u00e8s-midi !<\/p>\n<h3><span class=\"ez-toc-section\" id=\"Ponts_et_jours_feries_2025-2026_en_Polynesie_francaise\"><\/span>Ponts et jours f\u00e9ri\u00e9s\u00a02025-2026 en Polyn\u00e9sie fran\u00e7aise<span class=\"ez-toc-section-end\"><\/span><\/h3>\n<p>L\u2019ann\u00e9e scolaire dans l\u2019archipel polyn\u00e9sien est ponctu\u00e9e de jours f\u00e9ri\u00e9s. Bien que certains soient absorb\u00e9s par les p\u00e9riodes de vacances, d\u2019autres offrent l\u2019opportunit\u00e9 de v\u00e9ritables repos. Les voici.\u00a0:<\/p>\n<ul>\n<li>Mardi 11 novembre 2025\u00a0: Armistice\u00a01918,<\/li>\n<li>Vendredi 3 avril 2026\u00a0: Vendredi Saint,<\/li>\n<li>Lundi 6 avril\u00a02026\u00a0: lundi de P\u00e2ques,<\/li>\n<li>Vendredi 1er mai 2026\u00a0: journ\u00e9e du Travail,<\/li>\n<li>Vendredi 8 mai 2026\u00a0: Victoire 1945,<\/li>\n<li>Lundi 8 juin\u00a02026\u00a0: lundi de Pentec\u00f4te,<\/li>\n<li>Dimanche 28 juin 2026 : C\u00e9l\u00e9bration de l\u2019Autonomie,<\/li>\n<li>Samedi 15 ao\u00fbt 2026\u00a0: Assomption.<\/li>\n<\/ul>\n<p>Vous pouvez profiter de ces p\u00e9riodes de parenth\u00e8se pour d\u00e9couvrir les perles de la Polyn\u00e9sie comme Huahine, Moorea ou Bora-Bora.<\/p>\n<p>Les vacances scolaires\u00a02025 et 2026 en Polyn\u00e9sie diff\u00e8rent de celles de la m\u00e9tropole. Elles s\u2019alignent davantage sur les intersaisons locales.<\/p>\n<h2><span class=\"ez-toc-section\" id=\"Saint-Barthelemy_calendrier_scolaire_et_jours_feries_2025-2026\"><\/span>Saint-Barth\u00e9lemy : calendrier scolaire et jours f\u00e9ri\u00e9s 2025-2026<span class=\"ez-toc-section-end\"><\/span><\/h2>\n<p>Saint-Barth\u00e9lemy, \u00eele chic et ensoleill\u00e9e, suit un planning quasi similaire \u00e0 ceux des acad\u00e9mies de la zone C en France m\u00e9tropolitaine (Cr\u00e9teil, Montpellier, Toulouse, Versailles, Paris).<\/p>\n<h3><span class=\"ez-toc-section\" id=\"Dates_des_pauses_2025-2026_dans_la_zone_Saint-Barth\"><\/span>Dates des pauses 2025-2026 dans la zone Saint-Barth<span class=\"ez-toc-section-end\"><\/span><\/h3>\n<p>Les\u00a0vacances\u00a0\u00e0 Saint-Barth\u00e9lemy se r\u00e9partissent ainsi\u00a0:<\/p>\n<table>\n<tbody>\n<tr>\n<td width=\"302\">P\u00e9riode<\/td>\n<td width=\"302\">Intervalle<\/td>\n<\/tr>\n<tr>\n<td width=\"302\">Rentr\u00e9e\u00a02025<\/td>\n<td width=\"302\">1<sup>er<\/sup> septembre 2025<\/td>\n<\/tr>\n<tr>\n<td width=\"302\">Toussaint\u00a02025<\/td>\n<td width=\"302\">21 octobre 2025 \u2013 3 novembre 2025<\/td>\n<\/tr>\n<tr>\n<td width=\"302\">No\u00ebl<\/td>\n<td width=\"302\">20 d\u00e9cembre 2025 \u2013 5 janvier 2026<\/td>\n<\/tr>\n<tr>\n<td width=\"302\">Carnaval<\/td>\n<td width=\"302\">21 f\u00e9vrier 2026 \u2013 9 mars 2026<\/td>\n<\/tr>\n<tr>\n<td width=\"302\">Printemps\u00a02026<\/td>\n<td width=\"302\">16 avril 2026 \u2013 4 mai 2026<\/td>\n<\/tr>\n<tr>\n<td width=\"302\">Semaine en mai<\/td>\n<td width=\"302\">23 mai 2026 \u2013 1<sup>er<\/sup> juin 2026<\/td>\n<\/tr>\n<tr>\n<td width=\"302\">\u00c9t\u00e9\u00a02026<\/td>\n<td width=\"302\">\u00c0 partir du 4 juillet 2026<\/td>\n<\/tr>\n<\/tbody>\n<\/table>\n<p>Pour mieux pr\u00e9parer un s\u00e9jour ou une activit\u00e9 hors du cadre scolaire, il est essentiel de prendre en compte ce calendrier pr\u00e9cis.<\/p>\n<h3><span class=\"ez-toc-section\" id=\"Ponts_et_jours_feries_2025-2026_a_Saint-Barthelemy\"><\/span>Ponts et jours f\u00e9ri\u00e9s\u00a02025-2026 \u00e0 Saint-Barth\u00e9lemy<span class=\"ez-toc-section-end\"><\/span><\/h3>\n<p>Si Saint-Barth c\u00e9l\u00e8bre une multitude de jours ch\u00f4m\u00e9s, certains co\u00efncident avec les interruptions scolaires. Voici ceux qui, en tombant en p\u00e9riode d\u2019\u00e9cole :<\/p>\n<ul>\n<li>Jeudi 9 octobre 2025\u00a0: Abolition de l\u2019esclavage,<\/li>\n<li>Mardi 11 novembre 2025\u00a0: Armistice\u00a01918,<\/li>\n<li>Lundi 6 avril\u00a02026\u00a0: lundi de P\u00e2ques,<\/li>\n<li>Vendredi 1er mai 2026\u00a0: journ\u00e9e du Travail,<\/li>\n<li>Vendredi 8 mai 2026\u00a0: Victoire\u00a01945 (fin de la 2<sup>e<\/sup> Guerre),<\/li>\n<li>Lundi 8 juin 2026\u00a0: lundi de Pentec\u00f4te<\/li>\n<\/ul>\n<p>Utilisez les longs week-ends pour optimiser les activit\u00e9s familiales ou des sorties \u00e9ducatives, loin du rythme intensif des cours.<\/p>\n<h2><span class=\"ez-toc-section\" id=\"Vacances_scolaires_2025-2026_le_calendrier_a_Saint-Pierre-et-Miquelon\"><\/span>Vacances scolaires\u00a02025-2026\u00a0: le calendrier \u00e0 Saint-Pierre-et-Miquelon<span class=\"ez-toc-section-end\"><\/span><\/h2>\n<p>Sur la carte, Saint-Pierre-et-Miquelon se situe proche du Canada et pr\u00e9sente un climat plus froid.<\/p>\n<h3><span class=\"ez-toc-section\" id=\"Vacances_2025-2026_a_Saint-Pierre-et-Miquelon\"><\/span>Vacances\u00a02025-2026 \u00e0 Saint-Pierre-et-Miquelon<span class=\"ez-toc-section-end\"><\/span><\/h3>\n<p>Voici les\u00a0vacances\u00a0pr\u00e9vues pour cette\u00a0localit\u00e9\u00a0:<\/p>\n<table>\n<tbody>\n<tr>\n<td width=\"302\">P\u00e9riode<\/td>\n<td width=\"302\">Intervalle<\/td>\n<\/tr>\n<tr>\n<td width=\"302\">Rentr\u00e9e\u00a02025<\/td>\n<td width=\"302\">2 septembre 2025<\/td>\n<\/tr>\n<tr>\n<td width=\"302\">Toussaint\u00a02025<\/td>\n<td width=\"302\">21 octobre 2025 \u2013 3 novembre 2025<\/td>\n<\/tr>\n<tr>\n<td width=\"302\">No\u00ebl<\/td>\n<td width=\"302\">19 d\u00e9cembre 2025 \u2013 5 janvier 2026<\/td>\n<\/tr>\n<tr>\n<td width=\"302\">Vacances d\u2019hiver<\/td>\n<td width=\"302\">13 f\u00e9vrier 2026 \u2013 2 mars 2026<\/td>\n<\/tr>\n<tr>\n<td width=\"302\">Printemps\u00a02026<\/td>\n<td width=\"302\">10 avril 2026 \u2013 27 avril 2026<\/td>\n<\/tr>\n<tr>\n<td width=\"302\">Pont de l\u2019ascension<\/td>\n<td width=\"302\">13 mai 2026 \u2013 18 mai 2026<\/td>\n<\/tr>\n<tr>\n<td width=\"302\">\u00c9t\u00e9\u00a02026<\/td>\n<td width=\"302\">\u00c0 partir du 2 juillet 2026<\/td>\n<\/tr>\n<\/tbody>\n<\/table>\n<p>L\u2019ann\u00e9e scolaire suit un rythme qui permet aux familles d\u2019organiser leurs cong\u00e9s en harmonie avec les zones m\u00e9tropolitaines. Pour rester inform\u00e9, il est recommand\u00e9 de consulter r\u00e9guli\u00e8rement l\u2019actu \u00e9ducative locale.<\/p>\n<h3><span class=\"ez-toc-section\" id=\"Journee_sans_ecole_a_Saint-Pierre-et-Miquelon_en_2025-2026\"><\/span>Journ\u00e9e sans \u00e9cole \u00e0 Saint-Pierre-et-Miquelon en\u00a02025-2026<span class=\"ez-toc-section-end\"><\/span><\/h3>\n<p>Les principaux jours f\u00e9ri\u00e9s sont identiques \u00e0 ceux de la France m\u00e9tropolitaine. Voici ceux qui ne tombent pas pendant les pauses\u00a0:<\/p>\n<ul>\n<li>Mardi 11 novembre 2025\u00a0: Armistice\u00a01918,<\/li>\n<li>Vendredi 1er mai 2026\u00a0: journ\u00e9e du Travail,<\/li>\n<li>Vendredi 8 mai 2026\u00a0: Victoire 1945,<\/li>\n<li>Lundi 8 juin 2026\u00a0: lundi de Pentec\u00f4te.<\/li>\n<\/ul>\n<p>Ces journ\u00e9es sans \u00e9cole, lorsqu\u2019elles tombent en semaine, permettent de profiter de longs week-ends. Une belle occasion pour les familles de souffler, organiser une sortie ou simplement prendre du temps ensemble en dehors du rythme scolaire.<\/p>\n<h2><span class=\"ez-toc-section\" id=\"Vacances_scolaires_2025-2026_a_Saint-Martin\"><\/span>Vacances scolaires\u00a02025-2026 \u00e0 Saint-Martin<span class=\"ez-toc-section-end\"><\/span><\/h2>\n<p>L\u2019\u00eele de Saint-Martin ne fait pas partie des acad\u00e9mies classiques comme Rennes, Marseille ou Orl\u00e9ans-Tours. Elle est rattach\u00e9e \u00e0 l\u2019acad\u00e9mie de Guadeloupe et adopte par cons\u00e9quent le calendrier des <a href=\"https:\/\/cours-particuliers.com\/calendrier-annee-scolaire-dom\/\">vacances scolaires des DOM<\/a>.<\/p>\n<h3><span class=\"ez-toc-section\" id=\"Agenda_de_vacances_2025-2026_a_saint-Martin\"><\/span>Agenda de vacances 2025-2026 \u00e0 saint-Martin<span class=\"ez-toc-section-end\"><\/span><\/h3>\n<p>Voici le planning scolaire de l\u2019\u00eele\u00a0:<\/p>\n<table>\n<tbody>\n<tr>\n<td width=\"302\">P\u00e9riode<\/td>\n<td width=\"302\">Intervalle<\/td>\n<\/tr>\n<tr>\n<td width=\"302\">Rentr\u00e9e\u00a02025<\/td>\n<td width=\"302\">1<sup>er<\/sup> septembre 2025<\/td>\n<\/tr>\n<tr>\n<td width=\"302\">Toussaint\u00a02025<\/td>\n<td width=\"302\">18 octobre 2025 \u2013 3 novembre 2025<\/td>\n<\/tr>\n<tr>\n<td width=\"302\">No\u00ebl<\/td>\n<td width=\"302\">20 d\u00e9cembre 2025 \u2013 5 janvier 2026<\/td>\n<\/tr>\n<tr>\n<td width=\"302\">Vacances Carnaval<\/td>\n<td width=\"302\">7 f\u00e9vrier 2026 \u2013 23 f\u00e9vrier 2026<\/td>\n<\/tr>\n<tr>\n<td width=\"302\">Printemps\u00a02026<\/td>\n<td width=\"302\">2 avril 2026 \u2013 20 avril 2026<\/td>\n<\/tr>\n<tr>\n<td width=\"302\">Pont de l\u2019ascension<\/td>\n<td width=\"302\">13 mai 2026 \u2013 18 mai 2026<\/td>\n<\/tr>\n<tr>\n<td width=\"302\">\u00c9t\u00e9\u00a02026<\/td>\n<td width=\"302\">\u00c0 partir du 4 juillet 2026<\/td>\n<\/tr>\n<\/tbody>\n<\/table>\n<p>Les \u00e9l\u00e8ves de cette zone b\u00e9n\u00e9ficient d\u2019un rythme proche de celui des acad\u00e9mies comme Lyon, Besan\u00e7on ou Clermont-Ferrand.<\/p>\n<h3><span class=\"ez-toc-section\" id=\"Ponts_et_jours_feries_2025-2026_a_Saint-Martin\"><\/span>Ponts et jours f\u00e9ri\u00e9s\u00a02025-2026 \u00e0 Saint-Martin<span class=\"ez-toc-section-end\"><\/span><\/h3>\n<p>\u00c0 Saint-Martin, la liste des\u00a0jours non-travaill\u00e9s,\u00a0hors cong\u00e9 acad\u00e9mique, comprend\u00a0:<\/p>\n<ul>\n<li>Mardi 11 novembre 2025\u00a0: Armistice\u00a01918<\/li>\n<li>Vendredi 1er mai 2026\u00a0: journ\u00e9e du Travail<\/li>\n<li>Vendredi 8 mai 2026\u00a0: Victoire 1945<\/li>\n<li>Mercredi 27 mai 2026\u00a0: Abolition de l\u2019esclavage<\/li>\n<li>Lundi 8 juin 2026\u00a0: lundi de Pentec\u00f4te<\/li>\n<\/ul>\n<p>Astuce de parent\u00a0: anticiper les\u00a0vacances\u00a0et\u00a0ponts\u00a0facilite la gestion familiale et permet \u00e0 chacun de profiter de moments de d\u00e9tente.<\/p>\n<h2><span class=\"ez-toc-section\" id=\"Vacances_scolaires_2025-2026_le_calendrier_a_Wallis-et-Futuna\"><\/span>Vacances scolaires\u00a02025-2026\u00a0: le calendrier \u00e0 Wallis-et-Futuna<span class=\"ez-toc-section-end\"><\/span><\/h2>\n<p>Wallis-et-Futuna, situ\u00e9 \u00e0 l\u2019autre bout du monde, suit un programme adapt\u00e9 \u00e0 sa culture et \u00e0 son rythme climatique. La rentr\u00e9e scolaire a lieu en f\u00e9vrier, d\u00e9cal\u00e9 par rapport \u00e0 celle de la France m\u00e9tropolitaine.<\/p>\n<h3><span class=\"ez-toc-section\" id=\"Pauses_academiques_2025-2026_a_Wallis-et-Futuna\"><\/span>Pauses acad\u00e9miques 2025-2026 \u00e0 Wallis-et-Futuna<span class=\"ez-toc-section-end\"><\/span><\/h3>\n<p>Voici les dates importantes \u00e0 retenir pour bien organiser votre temps\u00a0:<\/p>\n<table>\n<tbody>\n<tr>\n<td width=\"302\">P\u00e9riode<\/td>\n<td width=\"302\">Intervalle<\/td>\n<\/tr>\n<tr>\n<td width=\"302\">Rentr\u00e9e\u00a02026<\/td>\n<td width=\"302\">16 f\u00e9vrier 2026<\/td>\n<\/tr>\n<tr>\n<td width=\"302\">1<sup>\u00e8re<\/sup> vacances\u00a02026<\/td>\n<td width=\"302\">4 avril 2026 \u2013 19 avril 2026<\/td>\n<\/tr>\n<tr>\n<td width=\"302\">2<sup>e<\/sup> pause\u00a02026<\/td>\n<td width=\"302\">6 juin 2026 \u2013 21 juin 2026<\/td>\n<\/tr>\n<tr>\n<td width=\"302\">3<sup>e<\/sup> interruption\u00a02026<\/td>\n<td width=\"302\">8 ao\u00fbt 2026 \u2013 23 ao\u00fbt 2026<\/td>\n<\/tr>\n<tr>\n<td width=\"302\">4<sup>e<\/sup> pause\u00a02026<\/td>\n<td width=\"302\">10 octobre 2026 \u2013 25 octobre 2026<\/td>\n<\/tr>\n<tr>\n<td width=\"302\">Vacances d\u2019\u00e9t\u00e9\u00a02026<\/td>\n<td width=\"302\">19 d\u00e9cembre 2026 \u2013 date \u00e0 venir<\/td>\n<\/tr>\n<\/tbody>\n<\/table>\n<p>Les vacances d\u2019\u00e9t\u00e9 locales (vers la fin d\u00e9cembre) tombent pendant une saison chaude et ensoleill\u00e9e, propice aux loisirs et aux activit\u00e9s en plein air.<\/p>\n<h3><span class=\"ez-toc-section\" id=\"Ponts_et_jours_feries_2025-2026\"><\/span>Ponts et jours f\u00e9ri\u00e9s\u00a02025-2026<span class=\"ez-toc-section-end\"><\/span><\/h3>\n<p>Les\u00a0jours de pause\u00a0qui ne sont pas inclus dans les pauses scolaires comprennent\u00a0:<\/p>\n<ul>\n<li>Vendredi 1er mai 2026\u00a0: journ\u00e9e du Travail,<\/li>\n<li>Vendredi 8 mai 2026\u00a0: Victoire 1945,<\/li>\n<li>Jeudi 14 mai\u00a0: Ascension,<\/li>\n<li>Lundi 25 mai\u00a02026\u00a0: lundi de Pentec\u00f4te,<\/li>\n<li>Mardi 14 juillet\u00a0: Comm\u00e9moration de la prise de la Bastille,<\/li>\n<li>Mercredi 29 juillet\u00a0: F\u00eate du Territoire,<\/li>\n<li>Mercredi 11 novembre 2026\u00a0: Armistice\u00a01918 (fin de la Premi\u00e8re Guerre).<\/li>\n<\/ul>\n<p>Gr\u00e2ce \u00e0 ces rep\u00e8res, les familles savent quand organiser leurs moments ensemble, un point essentiel dans ces \u00eeles isol\u00e9es.<\/p>\n<h2><span class=\"ez-toc-section\" id=\"Vacances_scolaires_2025-2026_en_Nouvelle-Caledonie\"><\/span>Vacances scolaires\u00a02025-2026 en Nouvelle-Cal\u00e9donie<span class=\"ez-toc-section-end\"><\/span><\/h2>\n<p>Tandis que les \u00e9l\u00e8ves de Nouvelle-Cal\u00e9donie font leur rentr\u00e9e scolaire, ceux de Nice, Reims et Strasbourg entrent d\u00e9j\u00e0 dans leur troisi\u00e8me p\u00e9riode de vacances. Ce d\u00e9calage est dict\u00e9 par la saisonnalit\u00e9 de cette zone de l\u2019h\u00e9misph\u00e8re sud.<\/p>\n<figure id=\"attachment_198503\" aria-describedby=\"caption-attachment-198503\" style=\"width: 1024px\" class=\"wp-caption aligncenter\"><img loading=\"lazy\" decoding=\"async\" class=\"size-large wp-image-198503\" src=\"https:\/\/cours-particuliers.com\/wp-content\/uploads\/2024\/10\/lagon-vert-ile-tropicale-1024x743.jpg\" alt=\"Des baigneurs dans une \u00e9tendue d'eau turquoise et verte.\" width=\"1024\" height=\"743\"><figcaption id=\"caption-attachment-198503\" class=\"wp-caption-text\">Pr\u00e9voyez bien vos dates si vous allez en Nouvelle-Cal\u00e9donie pour les vacances !<\/figcaption><\/figure>\n<h3><span class=\"ez-toc-section\" id=\"Planning_des_vacances_dans_le_vice-rectorat_de_la_Nouvelle-Caledonie\"><\/span>Planning des vacances dans le vice-rectorat de la Nouvelle-Cal\u00e9donie<span class=\"ez-toc-section-end\"><\/span><\/h3>\n<p>Les\u00a0p\u00e9riodes de pauses acad\u00e9miques\u00a0s\u2019\u00e9chelonnent ainsi\u00a0:<\/p>\n<table>\n<tbody>\n<tr>\n<td width=\"302\">P\u00e9riode<\/td>\n<td width=\"302\">Intervalle<\/td>\n<\/tr>\n<tr>\n<td width=\"302\">Rentr\u00e9e scolaire\u00a02026<\/td>\n<td width=\"302\">16 f\u00e9vrier 2026<\/td>\n<\/tr>\n<tr>\n<td width=\"302\">1<sup>\u00e8re<\/sup> p\u00e9riode<\/td>\n<td width=\"302\">4 avril 2026 \u2013 19 avril 2026<\/td>\n<\/tr>\n<tr>\n<td width=\"302\">2<sup>\u00e8me<\/sup> p\u00e9riode<\/td>\n<td width=\"302\">6 juin 2026 \u2013 21 juin 2026<\/td>\n<\/tr>\n<tr>\n<td width=\"302\">3<sup>\u00e8me<\/sup> p\u00e9riode<\/td>\n<td width=\"302\">8 ao\u00fbt 2026 \u2013 23 ao\u00fbt 2026<\/td>\n<\/tr>\n<tr>\n<td width=\"302\">4<sup>\u00e8me<\/sup> p\u00e9riode<\/td>\n<td width=\"302\">10 octobre 2026 \u2013 25 octobre 2026<\/td>\n<\/tr>\n<tr>\n<td width=\"302\">Vacances d\u2019\u00e9t\u00e9 (hiver en m\u00e9tropole)<\/td>\n<td width=\"302\">19 d\u00e9cembre 2026<\/td>\n<\/tr>\n<\/tbody>\n<\/table>\n<p>Profitez de toutes les opportunit\u00e9s qu\u2019offrent les pauses pour d\u00e9couvrir les tr\u00e9sors de la Nouvelle-Cal\u00e9donie.<\/p>\n<h3><span class=\"ez-toc-section\" id=\"Ponts_et_jours_feries_2025-2026-2\"><\/span>Ponts et jours f\u00e9ri\u00e9s\u00a02025-2026<span class=\"ez-toc-section-end\"><\/span><\/h3>\n<p>Voici les jours sans cours qui procurent une vraie pause\u00a0:<\/p>\n<ul>\n<li>Vendredi 1er mai 2026\u00a0: journ\u00e9e du Travail,<\/li>\n<li>Vendredi 8 mai 2026\u00a0: Victoire 1945,<\/li>\n<li>Jeudi 14 mai 2026\u00a0: Ascension,<\/li>\n<li>Lundi 25 mai 2026\u00a0: lundi de Pentec\u00f4te,<\/li>\n<li>Mardi 14 juillet 2026\u00a0: Comm\u00e9moration de la prise de la Bastille,<\/li>\n<li>Samedi 15 ao\u00fbt 2026\u00a0: Assomption,<\/li>\n<li>Jeudi 24 septembre 2026 : C\u00e9l\u00e9bration de la citoyennet\u00e9 (locale),<\/li>\n<li>Mercredi 11 novembre 2026\u00a0: Armistice\u00a01918.<\/li>\n<\/ul>\n<p>Petite note\u00a0: dans cette\u00a0zone, certains\u00a0ponts\u00a0peuvent \u00eatre am\u00e9nag\u00e9s pour prolonger les week-ends.<\/p>\n<p>T\u00e9l\u00e9chargez le calendrier officiel 2025-2026 de votre acad\u00e9mie ou vice-rectorat, et consultez r\u00e9guli\u00e8rement le site de l\u2019\u00c9ducation Nationale pour v\u00e9rifier les mises \u00e0 jour.<\/p>\n","_raw":"Vous planifiez un s\u00e9jour en famille ou cherchez simplement \u00e0 organiser l\u2019ann\u00e9e\u00a0\u00e0 venir ? Le calendrier scolaire dans les collectivit\u00e9s d\u2019outre-mer suit un rythme bien particulier.\r\n\r\nRetrouvez ici toutes les\u00a0dates\u00a0officielles des <a href=\"https:\/\/cours-particuliers.com\/vacances-scolaires-france\/\">vacances scolaires\u00a02025-2026<\/a> dans chaque circonscription des COM.\r\n<h2 style=\"text-align: justify;\">Vacances scolaires\u00a02025-2026\u00a0: les dates en Polyn\u00e9sie fran\u00e7aise<\/h2>\r\nLa Polyn\u00e9sie fran\u00e7aise poss\u00e8de une organisation scolaire adapt\u00e9e \u00e0 son lieu g\u00e9ographique, propre aux zones d\u2019outre-mer. Pour cette collectivit\u00e9, les cours sont rythm\u00e9s par des interruptions parfois diff\u00e9rentes du r\u00e9gime m\u00e9tropolitain.\r\n\r\n[caption id=\"attachment_198502\" align=\"aligncenter\" width=\"1024\"]<img class=\"size-large wp-image-198502\" src=\"https:\/\/cours-particuliers.com\/wp-content\/uploads\/2024\/10\/montagne-bungalows-lagon-1024x576.jpg\" alt=\"Vue d'une \u00e9tendue d'eau avec une v\u00e9g\u00e9tation tropicale.\" width=\"1024\" height=\"576\"> Qui n'a jamais r\u00eav\u00e9 d'aller passer des vacances \u00e0 Bora-Bora, sur l'\u00eele de Tahiti ?[\/caption]\r\n<h3>Calendrier des vacances scolaires 2025-2026<\/h3>\r\nVoici les dates essentielles pour planifier efficacement vos <a href=\"https:\/\/cours-particuliers.com\/calendrier-vacances-scolaires-france\/\">vacances 2025-2026 en m\u00e9tropole<\/a> :\r\n<table>\r\n<tbody>\r\n<tr>\r\n<td width=\"302\">P\u00e9riode<\/td>\r\n<td width=\"302\">Intervalle<\/td>\r\n<\/tr>\r\n<tr>\r\n<td width=\"302\">Rentr\u00e9e\u00a02025<\/td>\r\n<td width=\"302\">12 ao\u00fbt 2025<\/td>\r\n<\/tr>\r\n<tr>\r\n<td width=\"302\">Pause septembre<\/td>\r\n<td width=\"302\">13 septembre 2025 \u2013 22 septembre 2025<\/td>\r\n<\/tr>\r\n<tr>\r\n<td width=\"302\">Pause octobre<\/td>\r\n<td width=\"302\">25 octobre 2025 \u2013 10 novembre 2025<\/td>\r\n<\/tr>\r\n<tr>\r\n<td width=\"302\">No\u00ebl<\/td>\r\n<td width=\"302\">13 d\u00e9cembre 2025 \u2013 12 janvier 2026<\/td>\r\n<\/tr>\r\n<tr>\r\n<td width=\"302\">Pause f\u00e9vrier<\/td>\r\n<td width=\"302\">14 f\u00e9vrier 2026 \u2013 23 f\u00e9vrier 2026<\/td>\r\n<\/tr>\r\n<tr>\r\n<td width=\"302\">P\u00e2ques\u00a02026<\/td>\r\n<td width=\"302\">30 mars 2026 \u2013 13 avril 2026<\/td>\r\n<\/tr>\r\n<tr>\r\n<td width=\"302\">Semaine en mai<\/td>\r\n<td width=\"302\">23 mai 2026 \u2013 1<sup>er<\/sup> juin 2026<\/td>\r\n<\/tr>\r\n<tr>\r\n<td width=\"302\">\u00c9t\u00e9\u00a02026<\/td>\r\n<td width=\"302\">3 juillet (\u00e9coles), 4 juillet coll\u00e8ges et lyc\u00e9es)<\/td>\r\n<\/tr>\r\n<\/tbody>\r\n<\/table>\r\nLes \u00e9l\u00e8ves doivent profiter de chaque pause pour alterner repos et apprentissage. Message du prof pour ceux qui pr\u00e9parent l\u2019\u00e9preuve nationale du brevet ou du bac\u00a0: travaillez le matin quand l\u2019esprit est frais, puis savourez vos pauses l\u2019apr\u00e8s-midi !\r\n<h3>Ponts et jours f\u00e9ri\u00e9s\u00a02025-2026 en Polyn\u00e9sie fran\u00e7aise<\/h3>\r\nL\u2019ann\u00e9e scolaire dans l\u2019archipel polyn\u00e9sien est ponctu\u00e9e de jours f\u00e9ri\u00e9s. Bien que certains soient absorb\u00e9s par les p\u00e9riodes de vacances, d\u2019autres offrent l\u2019opportunit\u00e9 de v\u00e9ritables repos. Les voici.\u00a0:\r\n<ul>\r\n \t<li>Mardi 11 novembre 2025\u00a0: Armistice\u00a01918,<\/li>\r\n \t<li>Vendredi 3 avril 2026\u00a0: Vendredi Saint,<\/li>\r\n \t<li>Lundi 6 avril\u00a02026\u00a0: lundi de P\u00e2ques,<\/li>\r\n \t<li>Vendredi 1er mai 2026\u00a0: journ\u00e9e du Travail,<\/li>\r\n \t<li>Vendredi 8 mai 2026\u00a0: Victoire 1945,<\/li>\r\n \t<li>Lundi 8 juin\u00a02026\u00a0: lundi de Pentec\u00f4te,<\/li>\r\n \t<li>Dimanche 28 juin 2026 : C\u00e9l\u00e9bration de l\u2019Autonomie,<\/li>\r\n \t<li>Samedi 15 ao\u00fbt 2026\u00a0: Assomption.<\/li>\r\n<\/ul>\r\nVous pouvez profiter de ces p\u00e9riodes de parenth\u00e8se pour d\u00e9couvrir les perles de la Polyn\u00e9sie comme Huahine, Moorea ou Bora-Bora.\r\n\r\nLes vacances scolaires\u00a02025 et 2026 en Polyn\u00e9sie diff\u00e8rent de celles de la m\u00e9tropole. Elles s\u2019alignent davantage sur les intersaisons locales.\r\n<h2>Saint-Barth\u00e9lemy : calendrier scolaire et jours f\u00e9ri\u00e9s 2025-2026<\/h2>\r\nSaint-Barth\u00e9lemy, \u00eele chic et ensoleill\u00e9e, suit un planning quasi similaire \u00e0 ceux des acad\u00e9mies de la zone C en France m\u00e9tropolitaine (Cr\u00e9teil, Montpellier, Toulouse, Versailles, Paris).\r\n<h3>Dates des pauses 2025-2026 dans la zone Saint-Barth<\/h3>\r\nLes\u00a0vacances\u00a0\u00e0 Saint-Barth\u00e9lemy se r\u00e9partissent ainsi\u00a0:\r\n<table>\r\n<tbody>\r\n<tr>\r\n<td width=\"302\">P\u00e9riode<\/td>\r\n<td width=\"302\">Intervalle<\/td>\r\n<\/tr>\r\n<tr>\r\n<td width=\"302\">Rentr\u00e9e\u00a02025<\/td>\r\n<td width=\"302\">1<sup>er<\/sup> septembre 2025<\/td>\r\n<\/tr>\r\n<tr>\r\n<td width=\"302\">Toussaint\u00a02025<\/td>\r\n<td width=\"302\">21 octobre 2025 \u2013 3 novembre 2025<\/td>\r\n<\/tr>\r\n<tr>\r\n<td width=\"302\">No\u00ebl<\/td>\r\n<td width=\"302\">20 d\u00e9cembre 2025 \u2013 5 janvier 2026<\/td>\r\n<\/tr>\r\n<tr>\r\n<td width=\"302\">Carnaval<\/td>\r\n<td width=\"302\">21 f\u00e9vrier 2026 \u2013 9 mars 2026<\/td>\r\n<\/tr>\r\n<tr>\r\n<td width=\"302\">Printemps\u00a02026<\/td>\r\n<td width=\"302\">16 avril 2026 \u2013 4 mai 2026<\/td>\r\n<\/tr>\r\n<tr>\r\n<td width=\"302\">Semaine en mai<\/td>\r\n<td width=\"302\">23 mai 2026 \u2013 1<sup>er<\/sup> juin 2026<\/td>\r\n<\/tr>\r\n<tr>\r\n<td width=\"302\">\u00c9t\u00e9\u00a02026<\/td>\r\n<td width=\"302\">\u00c0 partir du 4 juillet 2026<\/td>\r\n<\/tr>\r\n<\/tbody>\r\n<\/table>\r\nPour mieux pr\u00e9parer un s\u00e9jour ou une activit\u00e9 hors du cadre scolaire, il est essentiel de prendre en compte ce calendrier pr\u00e9cis.\r\n<h3>Ponts et jours f\u00e9ri\u00e9s\u00a02025-2026 \u00e0 Saint-Barth\u00e9lemy<\/h3>\r\nSi Saint-Barth c\u00e9l\u00e8bre une multitude de jours ch\u00f4m\u00e9s, certains co\u00efncident avec les interruptions scolaires. Voici ceux qui, en tombant en p\u00e9riode d\u2019\u00e9cole :\r\n<ul>\r\n \t<li>Jeudi 9 octobre 2025\u00a0: Abolition de l\u2019esclavage,<\/li>\r\n \t<li>Mardi 11 novembre 2025\u00a0: Armistice\u00a01918,<\/li>\r\n \t<li>Lundi 6 avril\u00a02026\u00a0: lundi de P\u00e2ques,<\/li>\r\n \t<li>Vendredi 1er mai 2026\u00a0: journ\u00e9e du Travail,<\/li>\r\n \t<li>Vendredi 8 mai 2026\u00a0: Victoire\u00a01945 (fin de la 2<sup>e<\/sup> Guerre),<\/li>\r\n \t<li>Lundi 8 juin 2026\u00a0: lundi de Pentec\u00f4te<\/li>\r\n<\/ul>\r\nUtilisez les longs week-ends pour optimiser les activit\u00e9s familiales ou des sorties \u00e9ducatives, loin du rythme intensif des cours.\r\n<h2>Vacances scolaires\u00a02025-2026\u00a0: le calendrier \u00e0 Saint-Pierre-et-Miquelon<\/h2>\r\nSur la carte, Saint-Pierre-et-Miquelon se situe proche du Canada et pr\u00e9sente un climat plus froid.\r\n<h3>Vacances\u00a02025-2026 \u00e0 Saint-Pierre-et-Miquelon<\/h3>\r\nVoici les\u00a0vacances\u00a0pr\u00e9vues pour cette\u00a0localit\u00e9\u00a0:\r\n<table>\r\n<tbody>\r\n<tr>\r\n<td width=\"302\">P\u00e9riode<\/td>\r\n<td width=\"302\">Intervalle<\/td>\r\n<\/tr>\r\n<tr>\r\n<td width=\"302\">Rentr\u00e9e\u00a02025<\/td>\r\n<td width=\"302\">2 septembre 2025<\/td>\r\n<\/tr>\r\n<tr>\r\n<td width=\"302\">Toussaint\u00a02025<\/td>\r\n<td width=\"302\">21 octobre 2025 \u2013 3 novembre 2025<\/td>\r\n<\/tr>\r\n<tr>\r\n<td width=\"302\">No\u00ebl<\/td>\r\n<td width=\"302\">19 d\u00e9cembre 2025 \u2013 5 janvier 2026<\/td>\r\n<\/tr>\r\n<tr>\r\n<td width=\"302\">Vacances d\u2019hiver<\/td>\r\n<td width=\"302\">13 f\u00e9vrier 2026 \u2013 2 mars 2026<\/td>\r\n<\/tr>\r\n<tr>\r\n<td width=\"302\">Printemps\u00a02026<\/td>\r\n<td width=\"302\">10 avril 2026 \u2013 27 avril 2026<\/td>\r\n<\/tr>\r\n<tr>\r\n<td width=\"302\">Pont de l\u2019ascension<\/td>\r\n<td width=\"302\">13 mai 2026 \u2013 18 mai 2026<\/td>\r\n<\/tr>\r\n<tr>\r\n<td width=\"302\">\u00c9t\u00e9\u00a02026<\/td>\r\n<td width=\"302\">\u00c0 partir du 2 juillet 2026<\/td>\r\n<\/tr>\r\n<\/tbody>\r\n<\/table>\r\nL\u2019ann\u00e9e scolaire suit un rythme qui permet aux familles d\u2019organiser leurs cong\u00e9s en harmonie avec les zones m\u00e9tropolitaines. Pour rester inform\u00e9, il est recommand\u00e9 de consulter r\u00e9guli\u00e8rement l\u2019actu \u00e9ducative locale.\r\n<h3>Journ\u00e9e sans \u00e9cole \u00e0 Saint-Pierre-et-Miquelon en\u00a02025-2026<\/h3>\r\nLes principaux jours f\u00e9ri\u00e9s sont identiques \u00e0 ceux de la France m\u00e9tropolitaine. Voici ceux qui ne tombent pas pendant les pauses\u00a0:\r\n<ul>\r\n \t<li>Mardi 11 novembre 2025\u00a0: Armistice\u00a01918,<\/li>\r\n \t<li>Vendredi 1er mai 2026\u00a0: journ\u00e9e du Travail,<\/li>\r\n \t<li>Vendredi 8 mai 2026\u00a0: Victoire 1945,<\/li>\r\n \t<li>Lundi 8 juin 2026\u00a0: lundi de Pentec\u00f4te.<\/li>\r\n<\/ul>\r\nCes journ\u00e9es sans \u00e9cole, lorsqu\u2019elles tombent en semaine, permettent de profiter de longs week-ends. Une belle occasion pour les familles de souffler, organiser une sortie ou simplement prendre du temps ensemble en dehors du rythme scolaire.\r\n<h2>Vacances scolaires\u00a02025-2026 \u00e0 Saint-Martin<\/h2>\r\nL\u2019\u00eele de Saint-Martin ne fait pas partie des acad\u00e9mies classiques comme Rennes, Marseille ou Orl\u00e9ans-Tours. Elle est rattach\u00e9e \u00e0 l\u2019acad\u00e9mie de Guadeloupe et adopte par cons\u00e9quent le calendrier des <a href=\"https:\/\/cours-particuliers.com\/calendrier-annee-scolaire-dom\/\">vacances scolaires des DOM<\/a>.\r\n<h3>Agenda de vacances 2025-2026 \u00e0 saint-Martin<\/h3>\r\nVoici le planning scolaire de l\u2019\u00eele\u00a0:\r\n<table>\r\n<tbody>\r\n<tr>\r\n<td width=\"302\">P\u00e9riode<\/td>\r\n<td width=\"302\">Intervalle<\/td>\r\n<\/tr>\r\n<tr>\r\n<td width=\"302\">Rentr\u00e9e\u00a02025<\/td>\r\n<td width=\"302\">1<sup>er<\/sup> septembre 2025<\/td>\r\n<\/tr>\r\n<tr>\r\n<td width=\"302\">Toussaint\u00a02025<\/td>\r\n<td width=\"302\">18 octobre 2025 \u2013 3 novembre 2025<\/td>\r\n<\/tr>\r\n<tr>\r\n<td width=\"302\">No\u00ebl<\/td>\r\n<td width=\"302\">20 d\u00e9cembre 2025 \u2013 5 janvier 2026<\/td>\r\n<\/tr>\r\n<tr>\r\n<td width=\"302\">Vacances Carnaval<\/td>\r\n<td width=\"302\">7 f\u00e9vrier 2026 \u2013 23 f\u00e9vrier 2026<\/td>\r\n<\/tr>\r\n<tr>\r\n<td width=\"302\">Printemps\u00a02026<\/td>\r\n<td width=\"302\">2 avril 2026 \u2013 20 avril 2026<\/td>\r\n<\/tr>\r\n<tr>\r\n<td width=\"302\">Pont de l\u2019ascension<\/td>\r\n<td width=\"302\">13 mai 2026 \u2013 18 mai 2026<\/td>\r\n<\/tr>\r\n<tr>\r\n<td width=\"302\">\u00c9t\u00e9\u00a02026<\/td>\r\n<td width=\"302\">\u00c0 partir du 4 juillet 2026<\/td>\r\n<\/tr>\r\n<\/tbody>\r\n<\/table>\r\nLes \u00e9l\u00e8ves de cette zone b\u00e9n\u00e9ficient d\u2019un rythme proche de celui des acad\u00e9mies comme Lyon, Besan\u00e7on ou Clermont-Ferrand.\r\n<h3>Ponts et jours f\u00e9ri\u00e9s\u00a02025-2026 \u00e0 Saint-Martin<\/h3>\r\n\u00c0 Saint-Martin, la liste des\u00a0jours non-travaill\u00e9s,\u00a0hors cong\u00e9 acad\u00e9mique, comprend\u00a0:\r\n<ul>\r\n \t<li>Mardi 11 novembre 2025\u00a0: Armistice\u00a01918<\/li>\r\n \t<li>Vendredi 1er mai 2026\u00a0: journ\u00e9e du Travail<\/li>\r\n \t<li>Vendredi 8 mai 2026\u00a0: Victoire 1945<\/li>\r\n \t<li>Mercredi 27 mai 2026\u00a0: Abolition de l\u2019esclavage<\/li>\r\n \t<li>Lundi 8 juin 2026\u00a0: lundi de Pentec\u00f4te<\/li>\r\n<\/ul>\r\nAstuce de parent\u00a0: anticiper les\u00a0vacances\u00a0et\u00a0ponts\u00a0facilite la gestion familiale et permet \u00e0 chacun de profiter de moments de d\u00e9tente.\r\n<h2>Vacances scolaires\u00a02025-2026\u00a0: le calendrier \u00e0 Wallis-et-Futuna<\/h2>\r\nWallis-et-Futuna, situ\u00e9 \u00e0 l\u2019autre bout du monde, suit un programme adapt\u00e9 \u00e0 sa culture et \u00e0 son rythme climatique. La rentr\u00e9e scolaire a lieu en f\u00e9vrier, d\u00e9cal\u00e9 par rapport \u00e0 celle de la France m\u00e9tropolitaine.\r\n<h3>Pauses acad\u00e9miques 2025-2026 \u00e0 Wallis-et-Futuna<\/h3>\r\nVoici les dates importantes \u00e0 retenir pour bien organiser votre temps\u00a0:\r\n<table>\r\n<tbody>\r\n<tr>\r\n<td width=\"302\">P\u00e9riode<\/td>\r\n<td width=\"302\">Intervalle<\/td>\r\n<\/tr>\r\n<tr>\r\n<td width=\"302\">Rentr\u00e9e\u00a02026<\/td>\r\n<td width=\"302\">16 f\u00e9vrier 2026<\/td>\r\n<\/tr>\r\n<tr>\r\n<td width=\"302\">1<sup>\u00e8re<\/sup> vacances\u00a02026<\/td>\r\n<td width=\"302\">4 avril 2026 \u2013 19 avril 2026<\/td>\r\n<\/tr>\r\n<tr>\r\n<td width=\"302\">2<sup>e<\/sup> pause\u00a02026<\/td>\r\n<td width=\"302\">6 juin 2026 \u2013 21 juin 2026<\/td>\r\n<\/tr>\r\n<tr>\r\n<td width=\"302\">3<sup>e<\/sup> interruption\u00a02026<\/td>\r\n<td width=\"302\">8 ao\u00fbt 2026 \u2013 23 ao\u00fbt 2026<\/td>\r\n<\/tr>\r\n<tr>\r\n<td width=\"302\">4<sup>e<\/sup> pause\u00a02026<\/td>\r\n<td width=\"302\">10 octobre 2026 \u2013 25 octobre 2026<\/td>\r\n<\/tr>\r\n<tr>\r\n<td width=\"302\">Vacances d\u2019\u00e9t\u00e9\u00a02026<\/td>\r\n<td width=\"302\">19 d\u00e9cembre 2026 \u2013 date \u00e0 venir<\/td>\r\n<\/tr>\r\n<\/tbody>\r\n<\/table>\r\nLes vacances d\u2019\u00e9t\u00e9 locales (vers la fin d\u00e9cembre) tombent pendant une saison chaude et ensoleill\u00e9e, propice aux loisirs et aux activit\u00e9s en plein air.\r\n<h3>Ponts et jours f\u00e9ri\u00e9s\u00a02025-2026<\/h3>\r\nLes\u00a0jours de pause\u00a0qui ne sont pas inclus dans les pauses scolaires comprennent\u00a0:\r\n<ul>\r\n \t<li>Vendredi 1er mai 2026\u00a0: journ\u00e9e du Travail,<\/li>\r\n \t<li>Vendredi 8 mai 2026\u00a0: Victoire 1945,<\/li>\r\n \t<li>Jeudi 14 mai\u00a0: Ascension,<\/li>\r\n \t<li>Lundi 25 mai\u00a02026\u00a0: lundi de Pentec\u00f4te,<\/li>\r\n \t<li>Mardi 14 juillet\u00a0: Comm\u00e9moration de la prise de la Bastille,<\/li>\r\n \t<li>Mercredi 29 juillet\u00a0: F\u00eate du Territoire,<\/li>\r\n \t<li>Mercredi 11 novembre 2026\u00a0: Armistice\u00a01918 (fin de la Premi\u00e8re Guerre).<\/li>\r\n<\/ul>\r\nGr\u00e2ce \u00e0 ces rep\u00e8res, les familles savent quand organiser leurs moments ensemble, un point essentiel dans ces \u00eeles isol\u00e9es.\r\n<h2>Vacances scolaires\u00a02025-2026 en Nouvelle-Cal\u00e9donie<\/h2>\r\nTandis que les \u00e9l\u00e8ves de Nouvelle-Cal\u00e9donie font leur rentr\u00e9e scolaire, ceux de Nice, Reims et Strasbourg entrent d\u00e9j\u00e0 dans leur troisi\u00e8me p\u00e9riode de vacances. Ce d\u00e9calage est dict\u00e9 par la saisonnalit\u00e9 de cette zone de l\u2019h\u00e9misph\u00e8re sud.\r\n\r\n[caption id=\"attachment_198503\" align=\"aligncenter\" width=\"1024\"]<img class=\"size-large wp-image-198503\" src=\"https:\/\/cours-particuliers.com\/wp-content\/uploads\/2024\/10\/lagon-vert-ile-tropicale-1024x743.jpg\" alt=\"Des baigneurs dans une \u00e9tendue d'eau turquoise et verte.\" width=\"1024\" height=\"743\"> Pr\u00e9voyez bien vos dates si vous allez en Nouvelle-Cal\u00e9donie pour les vacances ![\/caption]\r\n<h3>Planning des vacances dans le vice-rectorat de la Nouvelle-Cal\u00e9donie<\/h3>\r\nLes\u00a0p\u00e9riodes de pauses acad\u00e9miques\u00a0s\u2019\u00e9chelonnent ainsi\u00a0:\r\n<table>\r\n<tbody>\r\n<tr>\r\n<td width=\"302\">P\u00e9riode<\/td>\r\n<td width=\"302\">Intervalle<\/td>\r\n<\/tr>\r\n<tr>\r\n<td width=\"302\">Rentr\u00e9e scolaire\u00a02026<\/td>\r\n<td width=\"302\">16 f\u00e9vrier 2026<\/td>\r\n<\/tr>\r\n<tr>\r\n<td width=\"302\">1<sup>\u00e8re<\/sup> p\u00e9riode<\/td>\r\n<td width=\"302\">4 avril 2026 \u2013 19 avril 2026<\/td>\r\n<\/tr>\r\n<tr>\r\n<td width=\"302\">2<sup>\u00e8me<\/sup> p\u00e9riode<\/td>\r\n<td width=\"302\">6 juin 2026 \u2013 21 juin 2026<\/td>\r\n<\/tr>\r\n<tr>\r\n<td width=\"302\">3<sup>\u00e8me<\/sup> p\u00e9riode<\/td>\r\n<td width=\"302\">8 ao\u00fbt 2026 \u2013 23 ao\u00fbt 2026<\/td>\r\n<\/tr>\r\n<tr>\r\n<td width=\"302\">4<sup>\u00e8me<\/sup> p\u00e9riode<\/td>\r\n<td width=\"302\">10 octobre 2026 \u2013 25 octobre 2026<\/td>\r\n<\/tr>\r\n<tr>\r\n<td width=\"302\">Vacances d\u2019\u00e9t\u00e9 (hiver en m\u00e9tropole)<\/td>\r\n<td width=\"302\">19 d\u00e9cembre 2026<\/td>\r\n<\/tr>\r\n<\/tbody>\r\n<\/table>\r\nProfitez de toutes les opportunit\u00e9s qu\u2019offrent les pauses pour d\u00e9couvrir les tr\u00e9sors de la Nouvelle-Cal\u00e9donie.\r\n<h3>Ponts et jours f\u00e9ri\u00e9s\u00a02025-2026<\/h3>\r\nVoici les jours sans cours qui procurent une vraie pause\u00a0:\r\n<ul>\r\n \t<li>Vendredi 1er mai 2026\u00a0: journ\u00e9e du Travail,<\/li>\r\n \t<li>Vendredi 8 mai 2026\u00a0: Victoire 1945,<\/li>\r\n \t<li>Jeudi 14 mai 2026\u00a0: Ascension,<\/li>\r\n \t<li>Lundi 25 mai 2026\u00a0: lundi de Pentec\u00f4te,<\/li>\r\n \t<li>Mardi 14 juillet 2026\u00a0: Comm\u00e9moration de la prise de la Bastille,<\/li>\r\n \t<li>Samedi 15 ao\u00fbt 2026\u00a0: Assomption,<\/li>\r\n \t<li>Jeudi 24 septembre 2026 : C\u00e9l\u00e9bration de la citoyennet\u00e9 (locale),<\/li>\r\n \t<li>Mercredi 11 novembre 2026\u00a0: Armistice\u00a01918.<\/li>\r\n<\/ul>\r\nPetite note\u00a0: dans cette\u00a0zone, certains\u00a0ponts\u00a0peuvent \u00eatre am\u00e9nag\u00e9s pour prolonger les week-ends.\r\n\r\nT\u00e9l\u00e9chargez le calendrier officiel 2025-2026 de votre acad\u00e9mie ou vice-rectorat, et consultez r\u00e9guli\u00e8rement le site de l\u2019\u00c9ducation Nationale pour v\u00e9rifier les mises \u00e0 jour."},"excerpt":{"rendered":"<p>Vous planifiez un s\u00e9jour en famille ou cherchez simplement \u00e0 organiser l\u2019ann\u00e9e\u00a0\u00e0 venir ? Le<\/p>\n","protected":false},"author":2,"featured_media":2054,"comment_status":"closed","ping_status":"open","sticky":false,"template":"","format":"standard","meta":{"_seopress_robots_primary_cat":"","_seopress_titles_title":"","_seopress_titles_desc":"","_seopress_robots_index":"","footnotes":""},"categories":[17],"tags":[],"class_list":["post-2019","post","type-post","status-publish","format-standard","has-post-thumbnail","hentry","category-vie-scolaire"],"_links":{"self":[{"href":"https:\/\/cours-particuliers.com\/ag_api\/wp\/v2\/posts\/2019","targetHints":{"allow":["GET"]}}],"collection":[{"href":"https:\/\/cours-particuliers.com\/ag_api\/wp\/v2\/posts"}],"about":[{"href":"https:\/\/cours-particuliers.com\/ag_api\/wp\/v2\/types\/post"}],"author":[{"embeddable":true,"href":"https:\/\/cours-particuliers.com\/ag_api\/wp\/v2\/users\/2"}],"replies":[{"embeddable":true,"href":"https:\/\/cours-particuliers.com\/ag_api\/wp\/v2\/comments?post=2019"}],"version-history":[{"count":13,"href":"https:\/\/cours-particuliers.com\/ag_api\/wp\/v2\/posts\/2019\/revisions"}],"predecessor-version":[{"id":3256,"href":"https:\/\/cours-particuliers.com\/ag_api\/wp\/v2\/posts\/2019\/revisions\/3256"}],"wp:featuredmedia":[{"embeddable":true,"href":"https:\/\/cours-particuliers.com\/ag_api\/wp\/v2\/media\/2054"}],"wp:attachment":[{"href":"https:\/\/cours-particuliers.com\/ag_api\/wp\/v2\/media?parent=2019"}],"wp:term":[{"taxonomy":"category","embeddable":true,"href":"https:\/\/cours-particuliers.com\/ag_api\/wp\/v2\/categories?post=2019"},{"taxonomy":"post_tag","embeddable":true,"href":"https:\/\/cours-particuliers.com\/ag_api\/wp\/v2\/tags?post=2019"}],"curies":[{"name":"wp","href":"https:\/\/api.w.org\/{rel}","templated":true}]}}