{"id":2022,"date":"2024-10-17T12:20:30","date_gmt":"2024-10-17T10:20:30","guid":{"rendered":"https:\/\/cours-particuliers.com\/?p=2022"},"modified":"2025-10-08T16:57:22","modified_gmt":"2025-10-08T14:57:22","slug":"vacances-scolaires-france","status":"publish","type":"post","link":"https:\/\/cours-particuliers.com\/vacances-scolaires-france\/","title":{"rendered":"Les dates des vacances scolaires 2025 2026 en France et dans les DOM-TOM !"},"content":{"rendered":"<div id=\"ez-toc-container\" class=\"ez-toc-v2_0_67_1 counter-hierarchy ez-toc-counter ez-toc-grey ez-toc-container-direction\">\n<div class=\"ez-toc-title-container\">\n<p class=\"ez-toc-title \" >A lire dans cet article :<\/p>\n<span class=\"ez-toc-title-toggle\"><a href=\"#\" class=\"ez-toc-pull-right ez-toc-btn ez-toc-btn-xs ez-toc-btn-default ez-toc-toggle\" aria-label=\"Toggle Table of Content\"><span class=\"ez-toc-js-icon-con\"><span class=\"\"><span class=\"eztoc-hide\" style=\"display:none;\">Toggle<\/span><span class=\"ez-toc-icon-toggle-span\"><svg style=\"fill: #999;color:#999\" xmlns=\"http:\/\/www.w3.org\/2000\/svg\" class=\"list-377408\" width=\"20px\" height=\"20px\" viewBox=\"0 0 24 24\" fill=\"none\"><path d=\"M6 6H4v2h2V6zm14 0H8v2h12V6zM4 11h2v2H4v-2zm16 0H8v2h12v-2zM4 16h2v2H4v-2zm16 0H8v2h12v-2z\" fill=\"currentColor\"><\/path><\/svg><svg style=\"fill: #999;color:#999\" class=\"arrow-unsorted-368013\" xmlns=\"http:\/\/www.w3.org\/2000\/svg\" width=\"10px\" height=\"10px\" viewBox=\"0 0 24 24\" version=\"1.2\" baseProfile=\"tiny\"><path d=\"M18.2 9.3l-6.2-6.3-6.2 6.3c-.2.2-.3.4-.3.7s.1.5.3.7c.2.2.4.3.7.3h11c.3 0 .5-.1.7-.3.2-.2.3-.5.3-.7s-.1-.5-.3-.7zM5.8 14.7l6.2 6.3 6.2-6.3c.2-.2.3-.5.3-.7s-.1-.5-.3-.7c-.2-.2-.4-.3-.7-.3h-11c-.3 0-.5.1-.7.3-.2.2-.3.5-.3.7s.1.5.3.7z\"\/><\/svg><\/span><\/span><\/span><\/a><\/span><\/div>\n<nav><ul class='ez-toc-list ez-toc-list-level-1 ' ><li class='ez-toc-page-1 ez-toc-heading-level-2'><a class=\"ez-toc-link ez-toc-heading-1\" href=\"https:\/\/cours-particuliers.com\/vacances-scolaires-france\/#Vacances_scolaires_2025_et_2026_les_dates_en_France_metropolitaine\" title=\"Vacances scolaires 2025 et 2026 : les dates en France m\u00e9tropolitaine !\">Vacances scolaires 2025 et 2026 : les dates en France m\u00e9tropolitaine !<\/a><ul class='ez-toc-list-level-3' ><li class='ez-toc-heading-level-3'><a class=\"ez-toc-link ez-toc-heading-2\" href=\"https:\/\/cours-particuliers.com\/vacances-scolaires-france\/#Vacances_scolaires_2025-2026_calendrier_des_zones_A_B_et_C\" title=\"Vacances scolaires 2025-2026 : calendrier des zones A, B et C\">Vacances scolaires 2025-2026 : calendrier des zones A, B et C<\/a><\/li><li class='ez-toc-page-1 ez-toc-heading-level-3'><a class=\"ez-toc-link ez-toc-heading-3\" href=\"https:\/\/cours-particuliers.com\/vacances-scolaires-france\/#Ponts_et_jours_feries_en_2025-2026_le_calendrier_complet\" title=\"Ponts et jours f\u00e9ri\u00e9s en 2025-2026 : le calendrier complet\">Ponts et jours f\u00e9ri\u00e9s en 2025-2026 : le calendrier complet<\/a><\/li><li class='ez-toc-page-1 ez-toc-heading-level-3'><a class=\"ez-toc-link ez-toc-heading-4\" href=\"https:\/\/cours-particuliers.com\/vacances-scolaires-france\/#Vacances_scolaires_2025_2026_Corse\" title=\"Vacances scolaires\u00a02025 2026\u00a0: Corse\">Vacances scolaires\u00a02025 2026\u00a0: Corse<\/a><\/li><\/ul><\/li><li class='ez-toc-page-1 ez-toc-heading-level-2'><a class=\"ez-toc-link ez-toc-heading-5\" href=\"https:\/\/cours-particuliers.com\/vacances-scolaires-france\/#Vacances_scolaires_2025-2026_les_dates_dans_les_DOM%E2%80%89\" title=\"Vacances scolaires\u00a02025-2026\u00a0: les dates dans les DOM\u2009!\">Vacances scolaires\u00a02025-2026\u00a0: les dates dans les DOM\u2009!<\/a><ul class='ez-toc-list-level-3' ><li class='ez-toc-heading-level-3'><a class=\"ez-toc-link ez-toc-heading-6\" href=\"https:\/\/cours-particuliers.com\/vacances-scolaires-france\/#Vacances_2025_2026_en_Guadeloupe\" title=\"Vacances\u00a02025 2026 en Guadeloupe\">Vacances\u00a02025 2026 en Guadeloupe<\/a><\/li><li class='ez-toc-page-1 ez-toc-heading-level-3'><a class=\"ez-toc-link ez-toc-heading-7\" href=\"https:\/\/cours-particuliers.com\/vacances-scolaires-france\/#Vacances_2025_2026_en_Guyane\" title=\"Vacances\u00a02025 2026 en Guyane\">Vacances\u00a02025 2026 en Guyane<\/a><\/li><li class='ez-toc-page-1 ez-toc-heading-level-3'><a class=\"ez-toc-link ez-toc-heading-8\" href=\"https:\/\/cours-particuliers.com\/vacances-scolaires-france\/#Vacances_2025_2026_en_Martinique\" title=\"Vacances\u00a02025 2026 en Martinique\">Vacances\u00a02025 2026 en Martinique<\/a><\/li><li class='ez-toc-page-1 ez-toc-heading-level-3'><a class=\"ez-toc-link ez-toc-heading-9\" href=\"https:\/\/cours-particuliers.com\/vacances-scolaires-france\/#Vacances_2025_2026_a_Mayotte\" title=\"Vacances\u00a02025 2026 \u00e0 Mayotte\">Vacances\u00a02025 2026 \u00e0 Mayotte<\/a><\/li><li class='ez-toc-page-1 ez-toc-heading-level-3'><a class=\"ez-toc-link ez-toc-heading-10\" href=\"https:\/\/cours-particuliers.com\/vacances-scolaires-france\/#Vacances_2025_2026_a_La_Reunion\" title=\"Vacances\u00a02025 2026 \u00e0 La R\u00e9union\">Vacances\u00a02025 2026 \u00e0 La R\u00e9union<\/a><\/li><li class='ez-toc-page-1 ez-toc-heading-level-3'><a class=\"ez-toc-link ez-toc-heading-11\" href=\"https:\/\/cours-particuliers.com\/vacances-scolaires-france\/#Les_festivites_et_jours_feries_dans_les_DOM\" title=\"Les festivit\u00e9s et jours f\u00e9ri\u00e9s dans les DOM\">Les festivit\u00e9s et jours f\u00e9ri\u00e9s dans les DOM<\/a><\/li><\/ul><\/li><li class='ez-toc-page-1 ez-toc-heading-level-2'><a class=\"ez-toc-link ez-toc-heading-12\" href=\"https:\/\/cours-particuliers.com\/vacances-scolaires-france\/#Les_vacances_scolaires_2025-2026_dans_les_collectivites_doutre-mer%E2%80%89\" title=\"Les vacances scolaires 2025-2026 dans les collectivit\u00e9s d&rsquo;outre-mer\u2009!\">Les vacances scolaires 2025-2026 dans les collectivit\u00e9s d&rsquo;outre-mer\u2009!<\/a><ul class='ez-toc-list-level-3' ><li class='ez-toc-heading-level-3'><a class=\"ez-toc-link ez-toc-heading-13\" href=\"https:\/\/cours-particuliers.com\/vacances-scolaires-france\/#Vacances_scolaires_2025_2026_a_Saint-Pierre-et-Miquelon\" title=\"Vacances scolaires\u00a02025 2026 \u00e0 Saint-Pierre-et-Miquelon\">Vacances scolaires\u00a02025 2026 \u00e0 Saint-Pierre-et-Miquelon<\/a><\/li><li class='ez-toc-page-1 ez-toc-heading-level-3'><a class=\"ez-toc-link ez-toc-heading-14\" href=\"https:\/\/cours-particuliers.com\/vacances-scolaires-france\/#Vacances_scolaires_2025_2026_a_Saint-Barthelemy\" title=\"Vacances scolaires\u00a02025 2026 \u00e0 Saint-Barth\u00e9lemy\">Vacances scolaires\u00a02025 2026 \u00e0 Saint-Barth\u00e9lemy<\/a><\/li><li class='ez-toc-page-1 ez-toc-heading-level-3'><a class=\"ez-toc-link ez-toc-heading-15\" href=\"https:\/\/cours-particuliers.com\/vacances-scolaires-france\/#Vacances_scolaires_2025_2026_a_Saint-Martin\" title=\"Vacances scolaires\u00a02025 2026 \u00e0 Saint-Martin\">Vacances scolaires\u00a02025 2026 \u00e0 Saint-Martin<\/a><\/li><li class='ez-toc-page-1 ez-toc-heading-level-3'><a class=\"ez-toc-link ez-toc-heading-16\" href=\"https:\/\/cours-particuliers.com\/vacances-scolaires-france\/#Vacances_scolaires_2025_2026_en_Polynesie_francaise\" title=\"Vacances scolaires\u00a02025 2026 en Polyn\u00e9sie fran\u00e7aise\">Vacances scolaires\u00a02025 2026 en Polyn\u00e9sie fran\u00e7aise<\/a><\/li><li class='ez-toc-page-1 ez-toc-heading-level-3'><a class=\"ez-toc-link ez-toc-heading-17\" href=\"https:\/\/cours-particuliers.com\/vacances-scolaires-france\/#Vacances_scolaires_2025-2026_en_Nouvelle-Caledonie\" title=\"Vacances scolaires\u00a02025-2026 en Nouvelle-Cal\u00e9donie\">Vacances scolaires\u00a02025-2026 en Nouvelle-Cal\u00e9donie<\/a><\/li><li class='ez-toc-page-1 ez-toc-heading-level-3'><a class=\"ez-toc-link ez-toc-heading-18\" href=\"https:\/\/cours-particuliers.com\/vacances-scolaires-france\/#Vacances_scolaires_2025-2026_a_Wallis-et-Futuna\" title=\"Vacances scolaires\u00a02025-2026 \u00e0 Wallis-et-Futuna\">Vacances scolaires\u00a02025-2026 \u00e0 Wallis-et-Futuna<\/a><\/li><\/ul><\/li><\/ul><\/nav><\/div>\n<p>Pr\u00e9parez vos agendas\u2009! Que vous soyez parent, coll\u00e9gien ou lyc\u00e9en, conna\u00eetre \u00e0 l\u2019avance le\u00a0calendrier\u00a0des\u00a0vacances\u00a0est essentiel pour organiser sereinement votre\u00a0ann\u00e9e. Entre les\u00a0cours, les r\u00e9visions et les moments de d\u00e9tente en\u00a0famille, anticiper permet de mieux vivre au rythme du\u00a0monde\u00a0scolaire.<\/p>\n<p>Ce guide d\u00e9voile toutes les dates officielles des vacances scolaires\u00a02025-2026 en France m\u00e9tropolitaine, dans les DOM et les COM.<\/p>\n<h2><span class=\"ez-toc-section\" id=\"Vacances_scolaires_2025_et_2026_les_dates_en_France_metropolitaine\"><\/span>Vacances scolaires 2025 et 2026 : les dates en France m\u00e9tropolitaine !<span class=\"ez-toc-section-end\"><\/span><\/h2>\n<p>En France m\u00e9tropolitaine, le territoire est d\u00e9coup\u00e9 en trois zones acad\u00e9miques (A, B et C) auxquelles s\u2019ajoute la Corse. Ces zones permettent d\u2019\u00e9taler les d\u00e9parts en cong\u00e9s et d\u2019\u00e9viter la saturation des transports. Voici le calendrier des <a href=\"https:\/\/cours-particuliers.com\/calendrier-vacances-scolaires-france\/\">vacances scolaire 2025-2026 en France<\/a>.<\/p>\n<figure id=\"attachment_198508\" aria-describedby=\"caption-attachment-198508\" style=\"width: 1024px\" class=\"wp-caption aligncenter\"><img loading=\"lazy\" decoding=\"async\" class=\"wp-image-198508 size-large\" src=\"https:\/\/cours-particuliers.com\/wp-content\/uploads\/2024\/10\/pont-fleuve-batiments-1024x625.jpg\" alt=\"Vue sur l'Hospice de la Grave et le pont Saint-Pierre depuis la place Saint-Pierre, \u00e0 Toulouse.\" width=\"1024\" height=\"625\"><figcaption id=\"caption-attachment-198508\" class=\"wp-caption-text\">Toulouse (ici, la Garonne, l&rsquo;Hospice de la Grave et le pont Saint-Pierre) est l&rsquo;une des plus belles villes de France !<\/figcaption><\/figure>\n<h3><span class=\"ez-toc-section\" id=\"Vacances_scolaires_2025-2026_calendrier_des_zones_A_B_et_C\"><\/span>Vacances scolaires 2025-2026 : calendrier des zones A, B et C<span class=\"ez-toc-section-end\"><\/span><\/h3>\n<p>Chaque\u00a0acad\u00e9mie\u00a0appartient \u00e0 une\u00a0zone\u00a0sp\u00e9cifique. La r\u00e9partition est la suivante\u00a0:<\/p>\n<ul>\n<li>Zone A\u00a0: Besan\u00e7on, Bordeaux, Clermont-Ferrand, Dijon, Grenoble, Limoges, Lyon, Poitiers,<\/li>\n<li>Zone B\u00a0: Aix-Marseille, Amiens, Caen, Lille, Nancy-Metz, Nantes, Nice, Orl\u00e9ans-Tours, Reims, Rennes, Rouen, Strasbourg,<\/li>\n<li>Zone C\u00a0: Cr\u00e9teil, Montpellier, Paris, Toulouse, Versailles.<\/li>\n<\/ul>\n<p>Retrouvez ci-dessous le tableau r\u00e9capitulatif des\u00a0<a href=\"https:\/\/cours-particuliers.com\/rentree-scolaire-2023-les-dates-du-calendrier-2023-2024\/\">vacances\u00a0scolaires\u00a02025-2026<\/a> en m\u00e9tropole\u00a0:<\/p>\n<table>\n<tbody>\n<tr>\n<td width=\"151\"><strong>P\u00e9riode<\/strong><\/td>\n<td width=\"151\"><strong>Zone A<\/strong><\/td>\n<td width=\"151\"><strong>Zone B<\/strong><\/td>\n<td width=\"151\"><strong>Zone C<\/strong><\/td>\n<\/tr>\n<tr>\n<td width=\"151\"><strong>Rentr\u00e9e\u00a02025<\/strong><\/td>\n<td colspan=\"3\" width=\"453\">Lundi 1er septembre 2025<\/td>\n<\/tr>\n<tr>\n<td width=\"151\"><strong>Automne\u00a02025<\/strong><\/td>\n<td colspan=\"3\" width=\"453\">18 octobre 2025 \u2013 3 novembre 2025<\/td>\n<\/tr>\n<tr>\n<td width=\"151\"><strong>No\u00ebl\u00a02025<\/strong><\/td>\n<td colspan=\"3\" width=\"453\">20 d\u00e9cembre 2025 \u2013 5 janvier 2026<\/td>\n<\/tr>\n<tr>\n<td width=\"151\"><strong>Hiver\u00a02026<\/strong><\/td>\n<td width=\"151\">7 f\u00e9vrier 2026 \u2013 23 f\u00e9vrier 2026<\/td>\n<td width=\"151\">14 f\u00e9vrier 2026 \u2013 2 mars 2026<\/td>\n<td width=\"151\">21 f\u00e9vrier 2026 \u2013 9 mars 2026<\/td>\n<\/tr>\n<tr>\n<td width=\"151\"><strong>Printemps\u00a02026<\/strong><\/td>\n<td width=\"151\">4 avril 2026 \u2013 21 avril 2026<\/td>\n<td width=\"151\">11 avril 2026 \u2013 27 avril 2026<\/td>\n<td width=\"151\">18 avril 2026 \u2013 4 mai 2026<\/td>\n<\/tr>\n<tr>\n<td width=\"151\"><strong>Ascension\u00a02026<\/strong><\/td>\n<td colspan=\"3\" width=\"453\">14 mai 2026 \u2013 19 mai 2026<\/td>\n<\/tr>\n<tr>\n<td width=\"151\"><strong>\u00c9t\u00e9\u00a02026<\/strong><\/td>\n<td colspan=\"3\" width=\"453\">\u00c0 partir du 4 juillet 2026<\/td>\n<\/tr>\n<\/tbody>\n<\/table>\n<p>Les cours s\u2019arr\u00eatent g\u00e9n\u00e9ralement le vendredi soir et reprennent le lundi matin. Pensez \u00e0 consulter r\u00e9guli\u00e8rement le site de votre acad\u00e9mie pour toute actu ou ajustement de derni\u00e8re minute.<\/p>\n<h3><span class=\"ez-toc-section\" id=\"Ponts_et_jours_feries_en_2025-2026_le_calendrier_complet\"><\/span>Ponts et jours f\u00e9ri\u00e9s en 2025-2026 : le calendrier complet<span class=\"ez-toc-section-end\"><\/span><\/h3>\n<p>Les\u00a0jours\u00a0f\u00e9ri\u00e9s\u00a0sont l\u2019occasion de profiter de\u00a0week-ends prolong\u00e9s. Voici la liste officielle\u00a0:<\/p>\n<ul>\n<li>Toussaint\u00a0: 1er novembre 2025,<\/li>\n<li>Armistice\u00a01918\u00a0: 11 novembre 2025,<\/li>\n<li>No\u00ebl\u00a0: 25 d\u00e9cembre 2025,<\/li>\n<li>Nouvel An\u00a0: 1er janvier 2026,<\/li>\n<li>Lundi pascal : 6 avril 2026,<\/li>\n<li>Journ\u00e9e du Travail\u00a0: 1er mai 2026,<\/li>\n<li>Victoire 1945\u00a0: 8 mai 2026,<\/li>\n<li>Ascension\u00a0: 14 mai 2026,<\/li>\n<li>Lundi de Pentec\u00f4te\u00a0: 25 mai 2026,<\/li>\n<li>F\u00eate\u00a0nationale\u00a0: 14 juillet 2026,<\/li>\n<li>Assomption\u00a0: 15 ao\u00fbt 2026.<\/li>\n<\/ul>\n<p>Des ponts peuvent parfois s\u2019improviser\u2009! Restez \u00e0 l\u2019\u00e9coute de tout message de votre \u00e9tablissement.<\/p>\n<h3><span class=\"ez-toc-section\" id=\"Vacances_scolaires_2025_2026_Corse\"><\/span>Vacances scolaires\u00a02025 2026\u00a0: Corse<span class=\"ez-toc-section-end\"><\/span><\/h3>\n<p>Si vous pr\u00e9voyez une escapade dans l\u2019\u00eele de beaut\u00e9, voici les\u00a0informations\u00a0\u00e0 retenir\u00a0:<\/p>\n<table>\n<tbody>\n<tr>\n<td width=\"201\"><strong>P\u00e9riode<\/strong><\/td>\n<td width=\"201\"><strong>D\u00e9but<\/strong><\/td>\n<td width=\"201\"><strong>Fin<\/strong><\/td>\n<\/tr>\n<tr>\n<td width=\"201\"><strong>Rentr\u00e9e\u00a02025<\/strong><\/td>\n<td colspan=\"2\" width=\"403\">Mardi 2 septembre 2025<\/td>\n<\/tr>\n<tr>\n<td width=\"201\"><strong>Automne\u00a02025<\/strong><\/td>\n<td width=\"201\">18 octobre 2025<\/td>\n<td width=\"201\">3 novembre 2025<\/td>\n<\/tr>\n<tr>\n<td width=\"201\"><strong>No\u00ebl\u00a02025<\/strong><\/td>\n<td width=\"201\">20 d\u00e9cembre 2025<\/td>\n<td width=\"201\">5 janvier 2026<\/td>\n<\/tr>\n<tr>\n<td width=\"201\"><strong>Hiver\u00a02026<\/strong><\/td>\n<td width=\"201\">14 f\u00e9vrier 2026<\/td>\n<td width=\"201\">2 mars 2026<\/td>\n<\/tr>\n<tr>\n<td width=\"201\"><strong>Pause printani\u00e8re 2026<\/strong><\/td>\n<td width=\"201\">11 avril 2026<\/td>\n<td width=\"201\">27 avril 2026<\/td>\n<\/tr>\n<tr>\n<td width=\"201\"><strong>\u00c9t\u00e9\u00a02026<\/strong><\/td>\n<td width=\"201\">4 juillet 2026<\/td>\n<td width=\"201\">Date \u00e0 venir<\/td>\n<\/tr>\n<\/tbody>\n<\/table>\n<p>Vous pouvez utiliser ces informations pour organiser vos r\u00e9visions ou r\u00e9server votre h\u00e9bergement en Corse au meilleur moment.<\/p>\n<h2><span class=\"ez-toc-section\" id=\"Vacances_scolaires_2025-2026_les_dates_dans_les_DOM%E2%80%89\"><\/span>Vacances scolaires\u00a02025-2026\u00a0: les dates dans les DOM\u2009!<span class=\"ez-toc-section-end\"><\/span><\/h2>\n<p>Les D\u00e9partements d\u2019outre-mer b\u00e9n\u00e9ficient d\u2019un agenda\u00a0adapt\u00e9 \u00e0 leur culture. Vous habitez en Guadeloupe, en Guyane, en Martinique, \u00e0 Mayotte ou \u00e0 La R\u00e9union\u2009? Voici le <a href=\"https:\/\/cours-particuliers.com\/calendrier-annee-scolaire-dom\/\">calendrier scolaire dans les DOM\u2009<\/a>!<\/p>\n<figure id=\"attachment_198506\" aria-describedby=\"caption-attachment-198506\" style=\"width: 1024px\" class=\"wp-caption aligncenter\"><img loading=\"lazy\" decoding=\"async\" class=\"size-large wp-image-198506\" src=\"https:\/\/cours-particuliers.com\/wp-content\/uploads\/2024\/10\/montagne-croix-mer-nuages-1024x768.jpg\" alt=\"Vue d'une mer agit\u00e9e en haut d'une colline.\" width=\"1024\" height=\"768\"><figcaption id=\"caption-attachment-198506\" class=\"wp-caption-text\">L&rsquo;archipel de la Guadeloupe est un paradis naturel pour la randonn\u00e9e !<\/figcaption><\/figure>\n<h3><span class=\"ez-toc-section\" id=\"Vacances_2025_2026_en_Guadeloupe\"><\/span>Vacances\u00a02025 2026 en Guadeloupe<span class=\"ez-toc-section-end\"><\/span><\/h3>\n<table>\n<tbody>\n<tr>\n<td width=\"201\"><strong>P\u00e9riode<\/strong><\/td>\n<td width=\"201\"><strong>D\u00e9but<\/strong><\/td>\n<td width=\"201\"><strong>Fin<\/strong><\/td>\n<\/tr>\n<tr>\n<td width=\"201\"><strong>Rentr\u00e9e <\/strong><\/td>\n<td colspan=\"2\" width=\"403\">Lundi 1er septembre 2025<\/td>\n<\/tr>\n<tr>\n<td width=\"201\"><strong>Automne\u00a02025<\/strong><\/td>\n<td width=\"201\">21 octobre 2025<\/td>\n<td width=\"201\">3 novembre 2025<\/td>\n<\/tr>\n<tr>\n<td width=\"201\"><strong>Nativit\u00e9 2025<\/strong><\/td>\n<td width=\"201\">20 d\u00e9cembre 2025<\/td>\n<td width=\"201\">5 janvier 2026<\/td>\n<\/tr>\n<tr>\n<td width=\"201\"><strong>Carnaval\u00a02026<\/strong><\/td>\n<td width=\"201\">7 f\u00e9vrier 2026<\/td>\n<td width=\"201\">23 f\u00e9vrier 2026<\/td>\n<\/tr>\n<tr>\n<td width=\"201\"><strong>Printemps\u00a02026<\/strong><\/td>\n<td width=\"201\">2 avril 2026<\/td>\n<td width=\"201\">20 avril 2026<\/td>\n<\/tr>\n<tr>\n<td width=\"201\"><strong>\u00c9t\u00e9\u00a02026<\/strong><\/td>\n<td width=\"201\">4 juillet 2026<\/td>\n<td width=\"201\">Pas encore d\u00e9termin\u00e9e<\/td>\n<\/tr>\n<\/tbody>\n<\/table>\n<p>Profitez pleinement de ces p\u00e9riodes de pause pour favoriser le bien-\u00eatre, la d\u00e9tente et la d\u00e9couverte, tout en maintenant l\u2019\u00e9quilibre entre apprentissage et loisirs.<\/p>\n<h3><span class=\"ez-toc-section\" id=\"Vacances_2025_2026_en_Guyane\"><\/span>Vacances\u00a02025 2026 en Guyane<span class=\"ez-toc-section-end\"><\/span><\/h3>\n<table>\n<tbody>\n<tr>\n<td width=\"201\"><strong>P\u00e9riode<\/strong><\/td>\n<td width=\"201\"><strong>D\u00e9but<\/strong><\/td>\n<td width=\"201\"><strong>Fin<\/strong><\/td>\n<\/tr>\n<tr>\n<td width=\"201\"><strong>Rentr\u00e9e <\/strong><\/td>\n<td colspan=\"2\" width=\"403\">Lundi 1er septembre 2025<\/td>\n<\/tr>\n<tr>\n<td width=\"201\"><strong>Automne\u00a02025<\/strong><\/td>\n<td width=\"201\">18 octobre 2025<\/td>\n<td width=\"201\">3 novembre 2025<\/td>\n<\/tr>\n<tr>\n<td width=\"201\"><strong>Nativit\u00e9 2025<\/strong><\/td>\n<td width=\"201\">20 d\u00e9cembre 2025<\/td>\n<td width=\"201\">5 janvier 2026<\/td>\n<\/tr>\n<tr>\n<td width=\"201\"><strong>Carnaval\u00a02026<\/strong><\/td>\n<td width=\"201\">7 f\u00e9vrier 2026<\/td>\n<td width=\"201\">23 f\u00e9vrier 2026<\/td>\n<\/tr>\n<tr>\n<td width=\"201\"><strong>P\u00e2ques\u00a02026<\/strong><\/td>\n<td width=\"201\">1<sup>er<\/sup> avril 2026<\/td>\n<td width=\"201\">16 avril 2026<\/td>\n<\/tr>\n<tr>\n<td width=\"201\"><strong>\u00c9t\u00e9\u00a02026<\/strong><\/td>\n<td width=\"201\">4 juillet 2026<\/td>\n<td width=\"201\">Pas encore d\u00e9termin\u00e9e<\/td>\n<\/tr>\n<\/tbody>\n<\/table>\n<p>La Guyane c\u00e9l\u00e8bre diverses f\u00eates et festivals. Vous pouvez profiter des p\u00e9riodes de vacances pour assister \u00e0 certains d\u2019entre eux.<\/p>\n<h3><span class=\"ez-toc-section\" id=\"Vacances_2025_2026_en_Martinique\"><\/span>Vacances\u00a02025 2026 en Martinique<span class=\"ez-toc-section-end\"><\/span><\/h3>\n<table>\n<tbody>\n<tr>\n<td width=\"201\"><strong>P\u00e9riode<\/strong><\/td>\n<td width=\"201\"><strong>D\u00e9but<\/strong><\/td>\n<td width=\"201\"><strong>Fin<\/strong><\/td>\n<\/tr>\n<tr>\n<td width=\"201\"><strong>Rentr\u00e9e <\/strong><\/td>\n<td colspan=\"2\" width=\"403\">Lundi 1er septembre 2025<\/td>\n<\/tr>\n<tr>\n<td width=\"201\"><strong>Automne\u00a02025<\/strong><\/td>\n<td width=\"201\">18 octobre 2025<\/td>\n<td width=\"201\">3 novembre 2025<\/td>\n<\/tr>\n<tr>\n<td width=\"201\"><strong>Nativit\u00e9 2025<\/strong><\/td>\n<td width=\"201\">20 d\u00e9cembre 2025<\/td>\n<td width=\"201\">5 janvier 2026<\/td>\n<\/tr>\n<tr>\n<td width=\"201\"><strong>Carnaval\u00a02026<\/strong><\/td>\n<td width=\"201\">7 f\u00e9vrier 2026<\/td>\n<td width=\"201\">23 f\u00e9vrier 2026<\/td>\n<\/tr>\n<tr>\n<td width=\"201\"><strong>Pause printani\u00e8re 2026<\/strong><\/td>\n<td width=\"201\">28 mars 2026<\/td>\n<td width=\"201\">13 avril 2026<\/td>\n<\/tr>\n<tr>\n<td width=\"201\"><strong>\u00c9t\u00e9\u00a02026<\/strong><\/td>\n<td width=\"201\">4 juillet 2026<\/td>\n<td width=\"201\">Pas encore d\u00e9termin\u00e9e<\/td>\n<\/tr>\n<\/tbody>\n<\/table>\n<p>Le climat martiniquais pr\u00e9sente une p\u00e9riode s\u00e8che favorable entre d\u00e9cembre et mai. Planifiez vos s\u00e9jours en dehors de la saison cyclonique si vous souhaitez profiter d\u2019une escapade agr\u00e9able.<\/p>\n<h3><span class=\"ez-toc-section\" id=\"Vacances_2025_2026_a_Mayotte\"><\/span>Vacances\u00a02025 2026 \u00e0 Mayotte<span class=\"ez-toc-section-end\"><\/span><\/h3>\n<table>\n<tbody>\n<tr>\n<td width=\"201\"><strong>P\u00e9riode<\/strong><\/td>\n<td width=\"201\"><strong>D\u00e9but<\/strong><\/td>\n<td width=\"201\"><strong>Fin<\/strong><\/td>\n<\/tr>\n<tr>\n<td width=\"201\"><strong>Rentr\u00e9e <\/strong><\/td>\n<td colspan=\"2\" width=\"403\">25 ao\u00fbt 2025<\/td>\n<\/tr>\n<tr>\n<td width=\"201\"><strong>Toussaint <\/strong><\/td>\n<td width=\"201\">11 octobre 2025<\/td>\n<td width=\"201\">27 octobre 2025<\/td>\n<\/tr>\n<tr>\n<td width=\"201\"><strong>Fin d\u2019ann\u00e9e 2025<\/strong><\/td>\n<td width=\"201\">14 d\u00e9cembre 2025<\/td>\n<td width=\"201\">12 janvier 2026<\/td>\n<\/tr>\n<tr>\n<td width=\"201\"><strong>Carnaval <\/strong><\/td>\n<td width=\"201\">28 f\u00e9vrier 2026<\/td>\n<td width=\"201\">9 mars 2026<\/td>\n<\/tr>\n<tr>\n<td width=\"201\"><strong>Cong\u00e9 pascal 2026<\/strong><\/td>\n<td width=\"201\">30 avril 2026<\/td>\n<td width=\"201\">18 mai 2026<\/td>\n<\/tr>\n<tr>\n<td width=\"201\"><strong>Grandes vacances <\/strong><\/td>\n<td width=\"201\">4 juillet 2026<\/td>\n<td width=\"201\">Pas encore d\u00e9termin\u00e9e<\/td>\n<\/tr>\n<\/tbody>\n<\/table>\n<p>Comme le montre le tableau, la rentr\u00e9e \u00e0 Mayotte a lieu plus t\u00f4t, et les pauses de la Nativit\u00e9 sont plus longues.<\/p>\n<h3><span class=\"ez-toc-section\" id=\"Vacances_2025_2026_a_La_Reunion\"><\/span>Vacances\u00a02025 2026 \u00e0 La R\u00e9union<span class=\"ez-toc-section-end\"><\/span><\/h3>\n<table>\n<tbody>\n<tr>\n<td width=\"201\"><strong>P\u00e9riode<\/strong><\/td>\n<td width=\"201\"><strong>D\u00e9but<\/strong><\/td>\n<td width=\"201\"><strong>Fin<\/strong><\/td>\n<\/tr>\n<tr>\n<td width=\"201\"><strong>Rentr\u00e9e <\/strong><\/td>\n<td colspan=\"2\" width=\"403\">25 ao\u00fbt 2025<\/td>\n<\/tr>\n<tr>\n<td width=\"201\"><strong>Vacances 1<sup>\u00e8re<\/sup> p\u00e9riode<\/strong><\/td>\n<td width=\"201\">11 octobre 2025<\/td>\n<td width=\"201\">27 octobre 2025<\/td>\n<\/tr>\n<tr>\n<td width=\"201\"><strong>Fin d\u2019ann\u00e9e 2025<\/strong><\/td>\n<td width=\"201\">14 d\u00e9cembre 2025<\/td>\n<td width=\"201\">12 janvier 2026<\/td>\n<\/tr>\n<tr>\n<td width=\"201\"><strong>Vacances 3<sup>e<\/sup> p\u00e9riode \u00a0<\/strong><\/td>\n<td width=\"201\">28 f\u00e9vrier 2026<\/td>\n<td width=\"201\">9 mars 2026<\/td>\n<\/tr>\n<tr>\n<td width=\"201\"><strong>Vacances 4<sup>e<\/sup> p\u00e9riode<\/strong><\/td>\n<td width=\"201\">30 avril 2026<\/td>\n<td width=\"201\">18 mai 2026<\/td>\n<\/tr>\n<tr>\n<td width=\"201\"><strong>Grandes vacances <\/strong><\/td>\n<td width=\"201\">4 juillet 2026<\/td>\n<td width=\"201\">Pas encore d\u00e9termin\u00e9e<\/td>\n<\/tr>\n<\/tbody>\n<\/table>\n<p>\u00c0 La R\u00e9union, les saisons sont invers\u00e9es. L\u2019hiver austral rythme la vie dans ce monde cr\u00e9ole.<\/p>\n<p>Les pauses plus longues que dans les zones m\u00e9tropolitaines offrent du temps pour la d\u00e9tente ou les activit\u00e9s culturelles locales. \u00c0 noter que les familles peuvent t\u00e9l\u00e9charger le programme sp\u00e9cifique \u00e0 leur DOM sur les sites officiels des acad\u00e9mies.<\/p>\n<h3><span class=\"ez-toc-section\" id=\"Les_festivites_et_jours_feries_dans_les_DOM\"><\/span>Les festivit\u00e9s et jours f\u00e9ri\u00e9s dans les DOM<span class=\"ez-toc-section-end\"><\/span><\/h3>\n<p>Le jour de c\u00e9l\u00e9bration de l\u2019abolition de l\u2019esclavage, souvent f\u00eat\u00e9 dans les DOM, s\u2019ajoute aux autres jours f\u00e9ri\u00e9s\u00a0:<\/p>\n<ul>\n<li>Mayotte\u00a0: lundi 27 avril 2026,<\/li>\n<li>Martinique\u00a0: vendredi 22 mai 2026,<\/li>\n<li>Guadeloupe\u00a0: mercredi 27 mai 2026,<\/li>\n<li>Guyane\u00a0: mercredi 10 juin 2026.<\/li>\n<\/ul>\n<p>Ces jours viennent s\u2019ajouter aux jours non ouvr\u00e9s nationaux communs (jour de l\u2019an, journ\u00e9e du Travail, Armistice, m\u00e9moire de la guerre, etc.). Le Vendredi saint (3 avril 2026) est \u00e9galement ch\u00f4m\u00e9 en Guyane, Guadeloupe et Martinique.<\/p>\n<h2><span class=\"ez-toc-section\" id=\"Les_vacances_scolaires_2025-2026_dans_les_collectivites_doutre-mer%E2%80%89\"><\/span>Les vacances scolaires 2025-2026 dans les collectivit\u00e9s d&rsquo;outre-mer\u2009!<span class=\"ez-toc-section-end\"><\/span><\/h2>\n<p>Les collectivit\u00e9s d\u2019outre-mer, comme la Polyn\u00e9sie fran\u00e7aise et ses atolls ou la Nouvelle-Cal\u00e9donie et ses lagons, sont des destinations tr\u00e8s pris\u00e9es par des touristes francophones.<\/p>\n<figure id=\"attachment_198505\" aria-describedby=\"caption-attachment-198505\" style=\"width: 1024px\" class=\"wp-caption aligncenter\"><img loading=\"lazy\" decoding=\"async\" class=\"size-large wp-image-198505\" src=\"https:\/\/cours-particuliers.com\/wp-content\/uploads\/2024\/10\/piscine-mer-montagnes-bleu-1024x575.jpg\" alt=\"Vue d'un homme se tenant assis sur le bord d'une piscine, \u00e0 c\u00f4t\u00e9 de l'oc\u00e9an et les montagnes \u00e0 l'horizon.\" width=\"1024\" height=\"575\"><figcaption id=\"caption-attachment-198505\" class=\"wp-caption-text\">Si vous avez la chance d&rsquo;aller en Polyn\u00e9sie-Fran\u00e7aise (ici \u00e0 Tahiti), n&rsquo;oubliez pas vos cours particuliers pour autant !<\/figcaption><\/figure>\n<p>D\u00e9couvrez le <a href=\"https:\/\/cours-particuliers.com\/com-vacances-scolaires\/\">calendrier des vacances dans les COM<\/a> et leur cadre idyllique.<\/p>\n<h3><span class=\"ez-toc-section\" id=\"Vacances_scolaires_2025_2026_a_Saint-Pierre-et-Miquelon\"><\/span>Vacances scolaires\u00a02025 2026 \u00e0 Saint-Pierre-et-Miquelon<span class=\"ez-toc-section-end\"><\/span><\/h3>\n<table>\n<tbody>\n<tr>\n<td width=\"302\"><strong>P\u00e9riode<\/strong><\/td>\n<td width=\"302\"><strong>Intervalle<\/strong><\/td>\n<\/tr>\n<tr>\n<td width=\"302\"><strong>Rentr\u00e9e\u00a02025<\/strong><\/td>\n<td width=\"302\">2 septembre 2025<\/td>\n<\/tr>\n<tr>\n<td width=\"302\"><strong>Cong\u00e9s d&rsquo;automne<\/strong><\/td>\n<td width=\"302\">21 octobre 2025 \u2013 3 novembre 2025<\/td>\n<\/tr>\n<tr>\n<td width=\"302\"><strong>Nativit\u00e9 2025<\/strong><\/td>\n<td width=\"302\">19 d\u00e9cembre 2025 \u2013 5 janvier 2026<\/td>\n<\/tr>\n<tr>\n<td width=\"302\"><strong>Hiver\u00a02026<\/strong><\/td>\n<td width=\"302\">20 f\u00e9vrier 2026 \u2013 9 mars 2026<\/td>\n<\/tr>\n<tr>\n<td width=\"302\"><strong>Printemps\u00a02026<\/strong><\/td>\n<td width=\"302\">17 avril 2026 \u2013 4 mai 2026<\/td>\n<\/tr>\n<tr>\n<td width=\"302\"><strong>\u00c9t\u00e9\u00a02026<\/strong><\/td>\n<td width=\"302\">4 juillet 2026 \u2013 31 ao\u00fbt 2026<\/td>\n<\/tr>\n<\/tbody>\n<\/table>\n<p>Ces dates sont \u00e0 noter dans vos agendas pour faciliter l\u2019organisation des r\u00e9visions et des pauses.<\/p>\n<h3><span class=\"ez-toc-section\" id=\"Vacances_scolaires_2025_2026_a_Saint-Barthelemy\"><\/span>Vacances scolaires\u00a02025 2026 \u00e0 Saint-Barth\u00e9lemy<span class=\"ez-toc-section-end\"><\/span><\/h3>\n<table>\n<tbody>\n<tr>\n<td width=\"302\"><strong>P\u00e9riode<\/strong><\/td>\n<td width=\"302\"><strong>Intervalle<\/strong><\/td>\n<\/tr>\n<tr>\n<td width=\"302\"><strong>Rentr\u00e9e\u00a02025<\/strong><\/td>\n<td width=\"302\">1<sup>er<\/sup> septembre 2025<\/td>\n<\/tr>\n<tr>\n<td width=\"302\"><strong>Pause d&rsquo;automne 2025<\/strong><\/td>\n<td width=\"302\">21 octobre 2025 \u2013 3 novembre 2025<\/td>\n<\/tr>\n<tr>\n<td width=\"302\"><strong>Nativit\u00e9 2025<\/strong><\/td>\n<td width=\"302\">20 d\u00e9cembre 2025 \u2013 5 janvier 2026<\/td>\n<\/tr>\n<tr>\n<td width=\"302\"><strong>Carnaval\u00a02026<\/strong><\/td>\n<td width=\"302\">21 f\u00e9vrier 2026 \u2013 9 mars 2026<\/td>\n<\/tr>\n<tr>\n<td width=\"302\"><strong>Cong\u00e9 pascal 2026<\/strong><\/td>\n<td width=\"302\">16 avril 2026 \u2013 4 mai 2026<\/td>\n<\/tr>\n<tr>\n<td width=\"302\"><strong>\u00c9t\u00e9\u00a02026<\/strong><\/td>\n<td width=\"302\">4 juillet 2026 \u2013 31 ao\u00fbt 2026<\/td>\n<\/tr>\n<\/tbody>\n<\/table>\n<p>Ces p\u00e9riodes de cong\u00e9 incluent le pont de l\u2019Ascension, f\u00e9ri\u00e9 et tr\u00e8s anim\u00e9 \u00e0 Saint-Barth\u00e9lemy (14 mai 2026).<\/p>\n<h3><span class=\"ez-toc-section\" id=\"Vacances_scolaires_2025_2026_a_Saint-Martin\"><\/span>Vacances scolaires\u00a02025 2026 \u00e0 Saint-Martin<span class=\"ez-toc-section-end\"><\/span><\/h3>\n<table>\n<tbody>\n<tr>\n<td width=\"302\"><strong>P\u00e9riode<\/strong><\/td>\n<td width=\"302\"><strong>Intervalle<\/strong><\/td>\n<\/tr>\n<tr>\n<td width=\"302\"><strong>Rentr\u00e9e\u00a02025<\/strong><\/td>\n<td width=\"302\">1<sup>er<\/sup> septembre 2025<\/td>\n<\/tr>\n<tr>\n<td width=\"302\"><strong>Toussaint\u00a02025<\/strong><\/td>\n<td width=\"302\">21 octobre 2025 \u2013 3 novembre 2025<\/td>\n<\/tr>\n<tr>\n<td width=\"302\"><strong>Nativit\u00e9 2025<\/strong><\/td>\n<td width=\"302\">20 d\u00e9cembre 2025 \u2013 5 janvier 2026<\/td>\n<\/tr>\n<tr>\n<td width=\"302\"><strong>Carnaval\u00a02026<\/strong><\/td>\n<td width=\"302\">21 f\u00e9vrier 2026 \u2013 9 mars 2026<\/td>\n<\/tr>\n<tr>\n<td width=\"302\"><strong>Pause avril<\/strong><\/td>\n<td width=\"302\">16 avril 2026 \u2013 4 mai 2026<\/td>\n<\/tr>\n<tr>\n<td width=\"302\"><strong>\u00c9t\u00e9\u00a02026<\/strong><\/td>\n<td width=\"302\">4 juillet 2026 \u2013 31 ao\u00fbt 2026<\/td>\n<\/tr>\n<\/tbody>\n<\/table>\n<p>Situ\u00e9es \u00e0 une vingtaine de kilom\u00e8tres, l\u2019une de l\u2019autre, Saint-Martin et Saint-Barth\u00e9lemy disposent du m\u00eame agenda scolaire.<\/p>\n<h3><span class=\"ez-toc-section\" id=\"Vacances_scolaires_2025_2026_en_Polynesie_francaise\"><\/span>Vacances scolaires\u00a02025 2026 en Polyn\u00e9sie fran\u00e7aise<span class=\"ez-toc-section-end\"><\/span><\/h3>\n<table>\n<tbody>\n<tr>\n<td width=\"302\"><strong>P\u00e9riode<\/strong><\/td>\n<td width=\"302\"><strong>Intervalle<\/strong><\/td>\n<\/tr>\n<tr>\n<td width=\"302\"><strong>Rentr\u00e9e\u00a02025<\/strong><\/td>\n<td width=\"302\">12 ao\u00fbt 2025<\/td>\n<\/tr>\n<tr>\n<td width=\"302\"><strong>Pause septembre<\/strong><\/td>\n<td width=\"302\">13 septembre 2025 \u2013 22 septembre 2025<\/td>\n<\/tr>\n<tr>\n<td width=\"302\"><strong>Pause octobre<\/strong><\/td>\n<td width=\"302\">25 octobre 2025 \u2013 10 novembre 2025<\/td>\n<\/tr>\n<tr>\n<td width=\"302\"><strong>No\u00ebl<\/strong><\/td>\n<td width=\"302\">13 d\u00e9cembre 2025 \u2013 12 janvier 2026<\/td>\n<\/tr>\n<tr>\n<td width=\"302\"><strong>Pause f\u00e9vrier<\/strong><\/td>\n<td width=\"302\">14 f\u00e9vrier 2026 \u2013 23 f\u00e9vrier 2026<\/td>\n<\/tr>\n<tr>\n<td width=\"302\"><strong>\u00c9t\u00e9\u00a02026<\/strong><\/td>\n<td width=\"302\">3 juillet (\u00e9coles), 4 juillet coll\u00e8ges et lyc\u00e9es)<\/td>\n<\/tr>\n<\/tbody>\n<\/table>\n<p>La premi\u00e8re pause, d\u00e8s le mois de septembre, permet aux \u00e9l\u00e8ves et aux enseignants de b\u00e9n\u00e9ficier d\u2019un r\u00e9pit apr\u00e8s une rentr\u00e9e en ao\u00fbt et une pause estivale plus courte.<\/p>\n<h3><span class=\"ez-toc-section\" id=\"Vacances_scolaires_2025-2026_en_Nouvelle-Caledonie\"><\/span>Vacances scolaires\u00a02025-2026 en Nouvelle-Cal\u00e9donie<span class=\"ez-toc-section-end\"><\/span><\/h3>\n<table>\n<tbody>\n<tr>\n<td width=\"302\"><strong>P\u00e9riode<\/strong><\/td>\n<td width=\"302\"><strong>Intervalle<\/strong><\/td>\n<\/tr>\n<tr>\n<td width=\"302\"><strong>Fin des cours\u00a02025 <\/strong><\/td>\n<td width=\"302\">13 d\u00e9cembre 2025 \u2013 16 f\u00e9vrier 2026<\/td>\n<\/tr>\n<tr>\n<td width=\"302\"><strong>Rentr\u00e9e scolaire\u00a02026 <\/strong><\/td>\n<td width=\"302\">16 f\u00e9vrier 2026<\/td>\n<\/tr>\n<tr>\n<td width=\"302\"><strong>1<sup>\u00e8re<\/sup> pause\u00a02026<\/strong><\/td>\n<td width=\"302\">4 avril 2026 \u2013 19 avril 2026<\/td>\n<\/tr>\n<tr>\n<td width=\"302\"><strong>2<sup>e<\/sup> pause\u00a02026<\/strong><\/td>\n<td width=\"302\">6 juin 2026 \u2013 21 juin 2026<\/td>\n<\/tr>\n<tr>\n<td width=\"302\"><strong>3<sup>e<\/sup> pause\u00a02026<\/strong><\/td>\n<td width=\"302\">8 ao\u00fbt 2026 \u2013 23 ao\u00fbt 2026<\/td>\n<\/tr>\n<tr>\n<td width=\"302\"><strong>4<sup>e<\/sup> pause\u00a02026<\/strong><\/td>\n<td width=\"302\">10 octobre 2026 \u2013 25 octobre 2026<\/td>\n<\/tr>\n<tr>\n<td width=\"302\"><strong>Fin des classes 2026<\/strong><\/td>\n<td width=\"302\">19 d\u00e9cembre 2026<\/td>\n<\/tr>\n<\/tbody>\n<\/table>\n<p>Situ\u00e9 \u00e0 l\u2019autre bout de la carte, cette localit\u00e9 dispose d\u2019un programme totalement diff\u00e9rent de la m\u00e9tropole. La rentr\u00e9e y a lieu au mois de f\u00e9vrier.<\/p>\n<h3><span class=\"ez-toc-section\" id=\"Vacances_scolaires_2025-2026_a_Wallis-et-Futuna\"><\/span>Vacances scolaires\u00a02025-2026 \u00e0 Wallis-et-Futuna<span class=\"ez-toc-section-end\"><\/span><\/h3>\n<table>\n<tbody>\n<tr>\n<td width=\"302\"><strong>P\u00e9riode<\/strong><\/td>\n<td width=\"302\"><strong>Intervalle<\/strong><\/td>\n<\/tr>\n<tr>\n<td width=\"302\"><strong>Fin des classes 2025 <\/strong><\/td>\n<td width=\"302\">13 d\u00e9cembre 2025 \u2013 16 f\u00e9vrier 2026<\/td>\n<\/tr>\n<tr>\n<td width=\"302\"><strong>Rentr\u00e9e scolaire\u00a02026 <\/strong><\/td>\n<td width=\"302\">16 f\u00e9vrier 2026<\/td>\n<\/tr>\n<tr>\n<td width=\"302\"><strong>1<sup>\u00e8re<\/sup> pause\u00a02026<\/strong><\/td>\n<td width=\"302\">4 avril 2026 \u2013 19 avril 2026<\/td>\n<\/tr>\n<tr>\n<td width=\"302\"><strong>2<sup>e<\/sup> pause\u00a02026<\/strong><\/td>\n<td width=\"302\">6 juin 2026 \u2013 21 juin 2026<\/td>\n<\/tr>\n<tr>\n<td width=\"302\"><strong>3<sup>e<\/sup> pause\u00a02026<\/strong><\/td>\n<td width=\"302\">8 ao\u00fbt 2026 \u2013 23 ao\u00fbt 2026<\/td>\n<\/tr>\n<tr>\n<td width=\"302\"><strong>4<sup>e<\/sup> pause\u00a02026<\/strong><\/td>\n<td width=\"302\">10 octobre 2026 \u2013 25 octobre 2026<\/td>\n<\/tr>\n<tr>\n<td width=\"302\"><strong>Fin des cours\u00a02026<\/strong><\/td>\n<td width=\"302\">19 d\u00e9cembre 2026<\/td>\n<\/tr>\n<\/tbody>\n<\/table>\n<p>Vous pouvez trouver des informations compl\u00e9mentaires en cliquant sur le site officiel de votre acad\u00e9mie et t\u00e9l\u00e9charger le document complet. C\u2019est la garantie de ne commettre aucune erreur.<\/p>\n<p>Conna\u00eetre pr\u00e9cis\u00e9ment les dates de cong\u00e9s est une cl\u00e9 pour accompagner sereinement le parcours scolaire de vos enfants. Consultez toujours le calendrier scolaire sp\u00e9cifique \u00e0 votre zone acad\u00e9mique. Tous les ans, un message de l&rsquo;Education Nationale est envoy\u00e9 aux chefs d\u2019\u00e9tablissements pour rappeler les consignes relatives \u00e0 l\u2019organisation des vacances.<\/p>\n","_raw":"Pr\u00e9parez vos agendas\u2009! Que vous soyez parent, coll\u00e9gien ou lyc\u00e9en, conna\u00eetre \u00e0 l\u2019avance le\u00a0calendrier\u00a0des\u00a0vacances\u00a0est essentiel pour organiser sereinement votre\u00a0ann\u00e9e. Entre les\u00a0cours, les r\u00e9visions et les moments de d\u00e9tente en\u00a0famille, anticiper permet de mieux vivre au rythme du\u00a0monde\u00a0scolaire.\r\n\r\nCe guide d\u00e9voile toutes les dates officielles des vacances scolaires\u00a02025-2026 en France m\u00e9tropolitaine, dans les DOM et les COM.\r\n<h2>Vacances scolaires 2025 et 2026 : les dates en France m\u00e9tropolitaine !<\/h2>\r\nEn France m\u00e9tropolitaine, le territoire est d\u00e9coup\u00e9 en trois zones acad\u00e9miques (A, B et C) auxquelles s\u2019ajoute la Corse. Ces zones permettent d\u2019\u00e9taler les d\u00e9parts en cong\u00e9s et d\u2019\u00e9viter la saturation des transports. Voici le calendrier des <a href=\"https:\/\/cours-particuliers.com\/calendrier-vacances-scolaires-france\/\">vacances scolaire 2025-2026 en France<\/a>.\r\n\r\n[caption id=\"attachment_198508\" align=\"aligncenter\" width=\"1024\"]<img class=\"wp-image-198508 size-large\" src=\"https:\/\/cours-particuliers.com\/wp-content\/uploads\/2024\/10\/pont-fleuve-batiments-1024x625.jpg\" alt=\"Vue sur l'Hospice de la Grave et le pont Saint-Pierre depuis la place Saint-Pierre, \u00e0 Toulouse.\" width=\"1024\" height=\"625\"> Toulouse (ici, la Garonne, l'Hospice de la Grave et le pont Saint-Pierre) est l'une des plus belles villes de France ![\/caption]\r\n<h3>Vacances scolaires 2025-2026 : calendrier des zones A, B et C<\/h3>\r\nChaque\u00a0acad\u00e9mie\u00a0appartient \u00e0 une\u00a0zone\u00a0sp\u00e9cifique. La r\u00e9partition est la suivante\u00a0:\r\n<ul>\r\n \t<li>Zone A\u00a0: Besan\u00e7on, Bordeaux, Clermont-Ferrand, Dijon, Grenoble, Limoges, Lyon, Poitiers,<\/li>\r\n \t<li>Zone B\u00a0: Aix-Marseille, Amiens, Caen, Lille, Nancy-Metz, Nantes, Nice, Orl\u00e9ans-Tours, Reims, Rennes, Rouen, Strasbourg,<\/li>\r\n \t<li>Zone C\u00a0: Cr\u00e9teil, Montpellier, Paris, Toulouse, Versailles.<\/li>\r\n<\/ul>\r\nRetrouvez ci-dessous le tableau r\u00e9capitulatif des\u00a0<a href=\"https:\/\/cours-particuliers.com\/rentree-scolaire-2023-les-dates-du-calendrier-2023-2024\/\">vacances\u00a0scolaires\u00a02025-2026<\/a> en m\u00e9tropole\u00a0:\r\n<table>\r\n<tbody>\r\n<tr>\r\n<td width=\"151\"><strong>P\u00e9riode<\/strong><\/td>\r\n<td width=\"151\"><strong>Zone A<\/strong><\/td>\r\n<td width=\"151\"><strong>Zone B<\/strong><\/td>\r\n<td width=\"151\"><strong>Zone C<\/strong><\/td>\r\n<\/tr>\r\n<tr>\r\n<td width=\"151\"><strong>Rentr\u00e9e\u00a02025<\/strong><\/td>\r\n<td colspan=\"3\" width=\"453\">Lundi 1er septembre 2025<\/td>\r\n<\/tr>\r\n<tr>\r\n<td width=\"151\"><strong>Automne\u00a02025<\/strong><\/td>\r\n<td colspan=\"3\" width=\"453\">18 octobre 2025 \u2013 3 novembre 2025<\/td>\r\n<\/tr>\r\n<tr>\r\n<td width=\"151\"><strong>No\u00ebl\u00a02025<\/strong><\/td>\r\n<td colspan=\"3\" width=\"453\">20 d\u00e9cembre 2025 \u2013 5 janvier 2026<\/td>\r\n<\/tr>\r\n<tr>\r\n<td width=\"151\"><strong>Hiver\u00a02026<\/strong><\/td>\r\n<td width=\"151\">7 f\u00e9vrier 2026 \u2013 23 f\u00e9vrier 2026<\/td>\r\n<td width=\"151\">14 f\u00e9vrier 2026 \u2013 2 mars 2026<\/td>\r\n<td width=\"151\">21 f\u00e9vrier 2026 \u2013 9 mars 2026<\/td>\r\n<\/tr>\r\n<tr>\r\n<td width=\"151\"><strong>Printemps\u00a02026<\/strong><\/td>\r\n<td width=\"151\">4 avril 2026 \u2013 21 avril 2026<\/td>\r\n<td width=\"151\">11 avril 2026 \u2013 27 avril 2026<\/td>\r\n<td width=\"151\">18 avril 2026 \u2013 4 mai 2026<\/td>\r\n<\/tr>\r\n<tr>\r\n<td width=\"151\"><strong>Ascension\u00a02026<\/strong><\/td>\r\n<td colspan=\"3\" width=\"453\">14 mai 2026 \u2013 19 mai 2026<\/td>\r\n<\/tr>\r\n<tr>\r\n<td width=\"151\"><strong>\u00c9t\u00e9\u00a02026<\/strong><\/td>\r\n<td colspan=\"3\" width=\"453\">\u00c0 partir du 4 juillet 2026<\/td>\r\n<\/tr>\r\n<\/tbody>\r\n<\/table>\r\nLes cours s\u2019arr\u00eatent g\u00e9n\u00e9ralement le vendredi soir et reprennent le lundi matin. Pensez \u00e0 consulter r\u00e9guli\u00e8rement le site de votre acad\u00e9mie pour toute actu ou ajustement de derni\u00e8re minute.\r\n<h3>Ponts et jours f\u00e9ri\u00e9s en 2025-2026 : le calendrier complet<\/h3>\r\nLes\u00a0jours\u00a0f\u00e9ri\u00e9s\u00a0sont l\u2019occasion de profiter de\u00a0week-ends prolong\u00e9s. Voici la liste officielle\u00a0:\r\n<ul>\r\n \t<li>Toussaint\u00a0: 1er novembre 2025,<\/li>\r\n \t<li>Armistice\u00a01918\u00a0: 11 novembre 2025,<\/li>\r\n \t<li>No\u00ebl\u00a0: 25 d\u00e9cembre 2025,<\/li>\r\n \t<li>Nouvel An\u00a0: 1er janvier 2026,<\/li>\r\n \t<li>Lundi pascal : 6 avril 2026,<\/li>\r\n \t<li>Journ\u00e9e du Travail\u00a0: 1er mai 2026,<\/li>\r\n \t<li>Victoire 1945\u00a0: 8 mai 2026,<\/li>\r\n \t<li>Ascension\u00a0: 14 mai 2026,<\/li>\r\n \t<li>Lundi de Pentec\u00f4te\u00a0: 25 mai 2026,<\/li>\r\n \t<li>F\u00eate\u00a0nationale\u00a0: 14 juillet 2026,<\/li>\r\n \t<li>Assomption\u00a0: 15 ao\u00fbt 2026.<\/li>\r\n<\/ul>\r\nDes ponts peuvent parfois s\u2019improviser\u2009! Restez \u00e0 l\u2019\u00e9coute de tout message de votre \u00e9tablissement.\r\n<h3>Vacances scolaires\u00a02025 2026\u00a0: Corse<\/h3>\r\nSi vous pr\u00e9voyez une escapade dans l\u2019\u00eele de beaut\u00e9, voici les\u00a0informations\u00a0\u00e0 retenir\u00a0:\r\n<table>\r\n<tbody>\r\n<tr>\r\n<td width=\"201\"><strong>P\u00e9riode<\/strong><\/td>\r\n<td width=\"201\"><strong>D\u00e9but<\/strong><\/td>\r\n<td width=\"201\"><strong>Fin<\/strong><\/td>\r\n<\/tr>\r\n<tr>\r\n<td width=\"201\"><strong>Rentr\u00e9e\u00a02025<\/strong><\/td>\r\n<td colspan=\"2\" width=\"403\">Mardi 2 septembre 2025<\/td>\r\n<\/tr>\r\n<tr>\r\n<td width=\"201\"><strong>Automne\u00a02025<\/strong><\/td>\r\n<td width=\"201\">18 octobre 2025<\/td>\r\n<td width=\"201\">3 novembre 2025<\/td>\r\n<\/tr>\r\n<tr>\r\n<td width=\"201\"><strong>No\u00ebl\u00a02025<\/strong><\/td>\r\n<td width=\"201\">20 d\u00e9cembre 2025<\/td>\r\n<td width=\"201\">5 janvier 2026<\/td>\r\n<\/tr>\r\n<tr>\r\n<td width=\"201\"><strong>Hiver\u00a02026<\/strong><\/td>\r\n<td width=\"201\">14 f\u00e9vrier 2026<\/td>\r\n<td width=\"201\">2 mars 2026<\/td>\r\n<\/tr>\r\n<tr>\r\n<td width=\"201\"><strong>Pause printani\u00e8re 2026<\/strong><\/td>\r\n<td width=\"201\">11 avril 2026<\/td>\r\n<td width=\"201\">27 avril 2026<\/td>\r\n<\/tr>\r\n<tr>\r\n<td width=\"201\"><strong>\u00c9t\u00e9\u00a02026<\/strong><\/td>\r\n<td width=\"201\">4 juillet 2026<\/td>\r\n<td width=\"201\">Date \u00e0 venir<\/td>\r\n<\/tr>\r\n<\/tbody>\r\n<\/table>\r\nVous pouvez utiliser ces informations pour organiser vos r\u00e9visions ou r\u00e9server votre h\u00e9bergement en Corse au meilleur moment.\r\n<h2>Vacances scolaires\u00a02025-2026\u00a0: les dates dans les DOM\u2009!<\/h2>\r\nLes D\u00e9partements d\u2019outre-mer b\u00e9n\u00e9ficient d\u2019un agenda\u00a0adapt\u00e9 \u00e0 leur culture. Vous habitez en Guadeloupe, en Guyane, en Martinique, \u00e0 Mayotte ou \u00e0 La R\u00e9union\u2009? Voici le <a href=\"https:\/\/cours-particuliers.com\/calendrier-annee-scolaire-dom\/\">calendrier scolaire dans les DOM\u2009<\/a>!\r\n\r\n[caption id=\"attachment_198506\" align=\"aligncenter\" width=\"1024\"]<img class=\"size-large wp-image-198506\" src=\"https:\/\/cours-particuliers.com\/wp-content\/uploads\/2024\/10\/montagne-croix-mer-nuages-1024x768.jpg\" alt=\"Vue d'une mer agit\u00e9e en haut d'une colline.\" width=\"1024\" height=\"768\"> L'archipel de la Guadeloupe est un paradis naturel pour la randonn\u00e9e ![\/caption]\r\n<h3>Vacances\u00a02025 2026 en Guadeloupe<\/h3>\r\n<table>\r\n<tbody>\r\n<tr>\r\n<td width=\"201\"><strong>P\u00e9riode<\/strong><\/td>\r\n<td width=\"201\"><strong>D\u00e9but<\/strong><\/td>\r\n<td width=\"201\"><strong>Fin<\/strong><\/td>\r\n<\/tr>\r\n<tr>\r\n<td width=\"201\"><strong>Rentr\u00e9e <\/strong><\/td>\r\n<td colspan=\"2\" width=\"403\">Lundi 1er septembre 2025<\/td>\r\n<\/tr>\r\n<tr>\r\n<td width=\"201\"><strong>Automne\u00a02025<\/strong><\/td>\r\n<td width=\"201\">21 octobre 2025<\/td>\r\n<td width=\"201\">3 novembre 2025<\/td>\r\n<\/tr>\r\n<tr>\r\n<td width=\"201\"><strong>Nativit\u00e9 2025<\/strong><\/td>\r\n<td width=\"201\">20 d\u00e9cembre 2025<\/td>\r\n<td width=\"201\">5 janvier 2026<\/td>\r\n<\/tr>\r\n<tr>\r\n<td width=\"201\"><strong>Carnaval\u00a02026<\/strong><\/td>\r\n<td width=\"201\">7 f\u00e9vrier 2026<\/td>\r\n<td width=\"201\">23 f\u00e9vrier 2026<\/td>\r\n<\/tr>\r\n<tr>\r\n<td width=\"201\"><strong>Printemps\u00a02026<\/strong><\/td>\r\n<td width=\"201\">2 avril 2026<\/td>\r\n<td width=\"201\">20 avril 2026<\/td>\r\n<\/tr>\r\n<tr>\r\n<td width=\"201\"><strong>\u00c9t\u00e9\u00a02026<\/strong><\/td>\r\n<td width=\"201\">4 juillet 2026<\/td>\r\n<td width=\"201\">Pas encore d\u00e9termin\u00e9e<\/td>\r\n<\/tr>\r\n<\/tbody>\r\n<\/table>\r\nProfitez pleinement de ces p\u00e9riodes de pause pour favoriser le bien-\u00eatre, la d\u00e9tente et la d\u00e9couverte, tout en maintenant l\u2019\u00e9quilibre entre apprentissage et loisirs.\r\n<h3>Vacances\u00a02025 2026 en Guyane<\/h3>\r\n<table>\r\n<tbody>\r\n<tr>\r\n<td width=\"201\"><strong>P\u00e9riode<\/strong><\/td>\r\n<td width=\"201\"><strong>D\u00e9but<\/strong><\/td>\r\n<td width=\"201\"><strong>Fin<\/strong><\/td>\r\n<\/tr>\r\n<tr>\r\n<td width=\"201\"><strong>Rentr\u00e9e <\/strong><\/td>\r\n<td colspan=\"2\" width=\"403\">Lundi 1er septembre 2025<\/td>\r\n<\/tr>\r\n<tr>\r\n<td width=\"201\"><strong>Automne\u00a02025<\/strong><\/td>\r\n<td width=\"201\">18 octobre 2025<\/td>\r\n<td width=\"201\">3 novembre 2025<\/td>\r\n<\/tr>\r\n<tr>\r\n<td width=\"201\"><strong>Nativit\u00e9 2025<\/strong><\/td>\r\n<td width=\"201\">20 d\u00e9cembre 2025<\/td>\r\n<td width=\"201\">5 janvier 2026<\/td>\r\n<\/tr>\r\n<tr>\r\n<td width=\"201\"><strong>Carnaval\u00a02026<\/strong><\/td>\r\n<td width=\"201\">7 f\u00e9vrier 2026<\/td>\r\n<td width=\"201\">23 f\u00e9vrier 2026<\/td>\r\n<\/tr>\r\n<tr>\r\n<td width=\"201\"><strong>P\u00e2ques\u00a02026<\/strong><\/td>\r\n<td width=\"201\">1<sup>er<\/sup> avril 2026<\/td>\r\n<td width=\"201\">16 avril 2026<\/td>\r\n<\/tr>\r\n<tr>\r\n<td width=\"201\"><strong>\u00c9t\u00e9\u00a02026<\/strong><\/td>\r\n<td width=\"201\">4 juillet 2026<\/td>\r\n<td width=\"201\">Pas encore d\u00e9termin\u00e9e<\/td>\r\n<\/tr>\r\n<\/tbody>\r\n<\/table>\r\nLa Guyane c\u00e9l\u00e8bre diverses f\u00eates et festivals. Vous pouvez profiter des p\u00e9riodes de vacances pour assister \u00e0 certains d\u2019entre eux.\r\n<h3>Vacances\u00a02025 2026 en Martinique<\/h3>\r\n<table>\r\n<tbody>\r\n<tr>\r\n<td width=\"201\"><strong>P\u00e9riode<\/strong><\/td>\r\n<td width=\"201\"><strong>D\u00e9but<\/strong><\/td>\r\n<td width=\"201\"><strong>Fin<\/strong><\/td>\r\n<\/tr>\r\n<tr>\r\n<td width=\"201\"><strong>Rentr\u00e9e <\/strong><\/td>\r\n<td colspan=\"2\" width=\"403\">Lundi 1er septembre 2025<\/td>\r\n<\/tr>\r\n<tr>\r\n<td width=\"201\"><strong>Automne\u00a02025<\/strong><\/td>\r\n<td width=\"201\">18 octobre 2025<\/td>\r\n<td width=\"201\">3 novembre 2025<\/td>\r\n<\/tr>\r\n<tr>\r\n<td width=\"201\"><strong>Nativit\u00e9 2025<\/strong><\/td>\r\n<td width=\"201\">20 d\u00e9cembre 2025<\/td>\r\n<td width=\"201\">5 janvier 2026<\/td>\r\n<\/tr>\r\n<tr>\r\n<td width=\"201\"><strong>Carnaval\u00a02026<\/strong><\/td>\r\n<td width=\"201\">7 f\u00e9vrier 2026<\/td>\r\n<td width=\"201\">23 f\u00e9vrier 2026<\/td>\r\n<\/tr>\r\n<tr>\r\n<td width=\"201\"><strong>Pause printani\u00e8re 2026<\/strong><\/td>\r\n<td width=\"201\">28 mars 2026<\/td>\r\n<td width=\"201\">13 avril 2026<\/td>\r\n<\/tr>\r\n<tr>\r\n<td width=\"201\"><strong>\u00c9t\u00e9\u00a02026<\/strong><\/td>\r\n<td width=\"201\">4 juillet 2026<\/td>\r\n<td width=\"201\">Pas encore d\u00e9termin\u00e9e<\/td>\r\n<\/tr>\r\n<\/tbody>\r\n<\/table>\r\nLe climat martiniquais pr\u00e9sente une p\u00e9riode s\u00e8che favorable entre d\u00e9cembre et mai. Planifiez vos s\u00e9jours en dehors de la saison cyclonique si vous souhaitez profiter d\u2019une escapade agr\u00e9able.\r\n<h3>Vacances\u00a02025 2026 \u00e0 Mayotte<\/h3>\r\n<table>\r\n<tbody>\r\n<tr>\r\n<td width=\"201\"><strong>P\u00e9riode<\/strong><\/td>\r\n<td width=\"201\"><strong>D\u00e9but<\/strong><\/td>\r\n<td width=\"201\"><strong>Fin<\/strong><\/td>\r\n<\/tr>\r\n<tr>\r\n<td width=\"201\"><strong>Rentr\u00e9e <\/strong><\/td>\r\n<td colspan=\"2\" width=\"403\">25 ao\u00fbt 2025<\/td>\r\n<\/tr>\r\n<tr>\r\n<td width=\"201\"><strong>Toussaint <\/strong><\/td>\r\n<td width=\"201\">11 octobre 2025<\/td>\r\n<td width=\"201\">27 octobre 2025<\/td>\r\n<\/tr>\r\n<tr>\r\n<td width=\"201\"><strong>Fin d\u2019ann\u00e9e 2025<\/strong><\/td>\r\n<td width=\"201\">14 d\u00e9cembre 2025<\/td>\r\n<td width=\"201\">12 janvier 2026<\/td>\r\n<\/tr>\r\n<tr>\r\n<td width=\"201\"><strong>Carnaval <\/strong><\/td>\r\n<td width=\"201\">28 f\u00e9vrier 2026<\/td>\r\n<td width=\"201\">9 mars 2026<\/td>\r\n<\/tr>\r\n<tr>\r\n<td width=\"201\"><strong>Cong\u00e9 pascal 2026<\/strong><\/td>\r\n<td width=\"201\">30 avril 2026<\/td>\r\n<td width=\"201\">18 mai 2026<\/td>\r\n<\/tr>\r\n<tr>\r\n<td width=\"201\"><strong>Grandes vacances <\/strong><\/td>\r\n<td width=\"201\">4 juillet 2026<\/td>\r\n<td width=\"201\">Pas encore d\u00e9termin\u00e9e<\/td>\r\n<\/tr>\r\n<\/tbody>\r\n<\/table>\r\nComme le montre le tableau, la rentr\u00e9e \u00e0 Mayotte a lieu plus t\u00f4t, et les pauses de la Nativit\u00e9 sont plus longues.\r\n<h3>Vacances\u00a02025 2026 \u00e0 La R\u00e9union<\/h3>\r\n<table>\r\n<tbody>\r\n<tr>\r\n<td width=\"201\"><strong>P\u00e9riode<\/strong><\/td>\r\n<td width=\"201\"><strong>D\u00e9but<\/strong><\/td>\r\n<td width=\"201\"><strong>Fin<\/strong><\/td>\r\n<\/tr>\r\n<tr>\r\n<td width=\"201\"><strong>Rentr\u00e9e <\/strong><\/td>\r\n<td colspan=\"2\" width=\"403\">25 ao\u00fbt 2025<\/td>\r\n<\/tr>\r\n<tr>\r\n<td width=\"201\"><strong>Vacances 1<sup>\u00e8re<\/sup> p\u00e9riode<\/strong><\/td>\r\n<td width=\"201\">11 octobre 2025<\/td>\r\n<td width=\"201\">27 octobre 2025<\/td>\r\n<\/tr>\r\n<tr>\r\n<td width=\"201\"><strong>Fin d\u2019ann\u00e9e 2025<\/strong><\/td>\r\n<td width=\"201\">14 d\u00e9cembre 2025<\/td>\r\n<td width=\"201\">12 janvier 2026<\/td>\r\n<\/tr>\r\n<tr>\r\n<td width=\"201\"><strong>Vacances 3<sup>e<\/sup> p\u00e9riode \u00a0<\/strong><\/td>\r\n<td width=\"201\">28 f\u00e9vrier 2026<\/td>\r\n<td width=\"201\">9 mars 2026<\/td>\r\n<\/tr>\r\n<tr>\r\n<td width=\"201\"><strong>Vacances 4<sup>e<\/sup> p\u00e9riode<\/strong><\/td>\r\n<td width=\"201\">30 avril 2026<\/td>\r\n<td width=\"201\">18 mai 2026<\/td>\r\n<\/tr>\r\n<tr>\r\n<td width=\"201\"><strong>Grandes vacances <\/strong><\/td>\r\n<td width=\"201\">4 juillet 2026<\/td>\r\n<td width=\"201\">Pas encore d\u00e9termin\u00e9e<\/td>\r\n<\/tr>\r\n<\/tbody>\r\n<\/table>\r\n\u00c0 La R\u00e9union, les saisons sont invers\u00e9es. L\u2019hiver austral rythme la vie dans ce monde cr\u00e9ole.\r\n\r\nLes pauses plus longues que dans les zones m\u00e9tropolitaines offrent du temps pour la d\u00e9tente ou les activit\u00e9s culturelles locales. \u00c0 noter que les familles peuvent t\u00e9l\u00e9charger le programme sp\u00e9cifique \u00e0 leur DOM sur les sites officiels des acad\u00e9mies.\r\n<h3>Les festivit\u00e9s et jours f\u00e9ri\u00e9s dans les DOM<\/h3>\r\nLe jour de c\u00e9l\u00e9bration de l\u2019abolition de l\u2019esclavage, souvent f\u00eat\u00e9 dans les DOM, s\u2019ajoute aux autres jours f\u00e9ri\u00e9s\u00a0:\r\n<ul>\r\n \t<li>Mayotte\u00a0: lundi 27 avril 2026,<\/li>\r\n \t<li>Martinique\u00a0: vendredi 22 mai 2026,<\/li>\r\n \t<li>Guadeloupe\u00a0: mercredi 27 mai 2026,<\/li>\r\n \t<li>Guyane\u00a0: mercredi 10 juin 2026.<\/li>\r\n<\/ul>\r\nCes jours viennent s\u2019ajouter aux jours non ouvr\u00e9s nationaux communs (jour de l\u2019an, journ\u00e9e du Travail, Armistice, m\u00e9moire de la guerre, etc.). Le Vendredi saint (3 avril 2026) est \u00e9galement ch\u00f4m\u00e9 en Guyane, Guadeloupe et Martinique.\r\n<h2>Les vacances scolaires 2025-2026 dans les collectivit\u00e9s d'outre-mer\u2009!<\/h2>\r\nLes collectivit\u00e9s d\u2019outre-mer, comme la Polyn\u00e9sie fran\u00e7aise et ses atolls ou la Nouvelle-Cal\u00e9donie et ses lagons, sont des destinations tr\u00e8s pris\u00e9es par des touristes francophones.\r\n\r\n[caption id=\"attachment_198505\" align=\"aligncenter\" width=\"1024\"]<img class=\"size-large wp-image-198505\" src=\"https:\/\/cours-particuliers.com\/wp-content\/uploads\/2024\/10\/piscine-mer-montagnes-bleu-1024x575.jpg\" alt=\"Vue d'un homme se tenant assis sur le bord d'une piscine, \u00e0 c\u00f4t\u00e9 de l'oc\u00e9an et les montagnes \u00e0 l'horizon.\" width=\"1024\" height=\"575\"> Si vous avez la chance d'aller en Polyn\u00e9sie-Fran\u00e7aise (ici \u00e0 Tahiti), n'oubliez pas vos cours particuliers pour autant ![\/caption]\r\n\r\nD\u00e9couvrez le <a href=\"https:\/\/cours-particuliers.com\/com-vacances-scolaires\/\">calendrier des vacances dans les COM<\/a> et leur cadre idyllique.\r\n<h3>Vacances scolaires\u00a02025 2026 \u00e0 Saint-Pierre-et-Miquelon<\/h3>\r\n<table>\r\n<tbody>\r\n<tr>\r\n<td width=\"302\"><strong>P\u00e9riode<\/strong><\/td>\r\n<td width=\"302\"><strong>Intervalle<\/strong><\/td>\r\n<\/tr>\r\n<tr>\r\n<td width=\"302\"><strong>Rentr\u00e9e\u00a02025<\/strong><\/td>\r\n<td width=\"302\">2 septembre 2025<\/td>\r\n<\/tr>\r\n<tr>\r\n<td width=\"302\"><strong>Cong\u00e9s d'automne<\/strong><\/td>\r\n<td width=\"302\">21 octobre 2025 \u2013 3 novembre 2025<\/td>\r\n<\/tr>\r\n<tr>\r\n<td width=\"302\"><strong>Nativit\u00e9 2025<\/strong><\/td>\r\n<td width=\"302\">19 d\u00e9cembre 2025 \u2013 5 janvier 2026<\/td>\r\n<\/tr>\r\n<tr>\r\n<td width=\"302\"><strong>Hiver\u00a02026<\/strong><\/td>\r\n<td width=\"302\">20 f\u00e9vrier 2026 \u2013 9 mars 2026<\/td>\r\n<\/tr>\r\n<tr>\r\n<td width=\"302\"><strong>Printemps\u00a02026<\/strong><\/td>\r\n<td width=\"302\">17 avril 2026 \u2013 4 mai 2026<\/td>\r\n<\/tr>\r\n<tr>\r\n<td width=\"302\"><strong>\u00c9t\u00e9\u00a02026<\/strong><\/td>\r\n<td width=\"302\">4 juillet 2026 \u2013 31 ao\u00fbt 2026<\/td>\r\n<\/tr>\r\n<\/tbody>\r\n<\/table>\r\nCes dates sont \u00e0 noter dans vos agendas pour faciliter l\u2019organisation des r\u00e9visions et des pauses.\r\n<h3>Vacances scolaires\u00a02025 2026 \u00e0 Saint-Barth\u00e9lemy<\/h3>\r\n<table>\r\n<tbody>\r\n<tr>\r\n<td width=\"302\"><strong>P\u00e9riode<\/strong><\/td>\r\n<td width=\"302\"><strong>Intervalle<\/strong><\/td>\r\n<\/tr>\r\n<tr>\r\n<td width=\"302\"><strong>Rentr\u00e9e\u00a02025<\/strong><\/td>\r\n<td width=\"302\">1<sup>er<\/sup> septembre 2025<\/td>\r\n<\/tr>\r\n<tr>\r\n<td width=\"302\"><strong>Pause d'automne 2025<\/strong><\/td>\r\n<td width=\"302\">21 octobre 2025 \u2013 3 novembre 2025<\/td>\r\n<\/tr>\r\n<tr>\r\n<td width=\"302\"><strong>Nativit\u00e9 2025<\/strong><\/td>\r\n<td width=\"302\">20 d\u00e9cembre 2025 \u2013 5 janvier 2026<\/td>\r\n<\/tr>\r\n<tr>\r\n<td width=\"302\"><strong>Carnaval\u00a02026<\/strong><\/td>\r\n<td width=\"302\">21 f\u00e9vrier 2026 \u2013 9 mars 2026<\/td>\r\n<\/tr>\r\n<tr>\r\n<td width=\"302\"><strong>Cong\u00e9 pascal 2026<\/strong><\/td>\r\n<td width=\"302\">16 avril 2026 \u2013 4 mai 2026<\/td>\r\n<\/tr>\r\n<tr>\r\n<td width=\"302\"><strong>\u00c9t\u00e9\u00a02026<\/strong><\/td>\r\n<td width=\"302\">4 juillet 2026 \u2013 31 ao\u00fbt 2026<\/td>\r\n<\/tr>\r\n<\/tbody>\r\n<\/table>\r\nCes p\u00e9riodes de cong\u00e9 incluent le pont de l\u2019Ascension, f\u00e9ri\u00e9 et tr\u00e8s anim\u00e9 \u00e0 Saint-Barth\u00e9lemy (14 mai 2026).\r\n<h3>Vacances scolaires\u00a02025 2026 \u00e0 Saint-Martin<\/h3>\r\n<table>\r\n<tbody>\r\n<tr>\r\n<td width=\"302\"><strong>P\u00e9riode<\/strong><\/td>\r\n<td width=\"302\"><strong>Intervalle<\/strong><\/td>\r\n<\/tr>\r\n<tr>\r\n<td width=\"302\"><strong>Rentr\u00e9e\u00a02025<\/strong><\/td>\r\n<td width=\"302\">1<sup>er<\/sup> septembre 2025<\/td>\r\n<\/tr>\r\n<tr>\r\n<td width=\"302\"><strong>Toussaint\u00a02025<\/strong><\/td>\r\n<td width=\"302\">21 octobre 2025 \u2013 3 novembre 2025<\/td>\r\n<\/tr>\r\n<tr>\r\n<td width=\"302\"><strong>Nativit\u00e9 2025<\/strong><\/td>\r\n<td width=\"302\">20 d\u00e9cembre 2025 \u2013 5 janvier 2026<\/td>\r\n<\/tr>\r\n<tr>\r\n<td width=\"302\"><strong>Carnaval\u00a02026<\/strong><\/td>\r\n<td width=\"302\">21 f\u00e9vrier 2026 \u2013 9 mars 2026<\/td>\r\n<\/tr>\r\n<tr>\r\n<td width=\"302\"><strong>Pause avril<\/strong><\/td>\r\n<td width=\"302\">16 avril 2026 \u2013 4 mai 2026<\/td>\r\n<\/tr>\r\n<tr>\r\n<td width=\"302\"><strong>\u00c9t\u00e9\u00a02026<\/strong><\/td>\r\n<td width=\"302\">4 juillet 2026 \u2013 31 ao\u00fbt 2026<\/td>\r\n<\/tr>\r\n<\/tbody>\r\n<\/table>\r\nSitu\u00e9es \u00e0 une vingtaine de kilom\u00e8tres, l\u2019une de l\u2019autre, Saint-Martin et Saint-Barth\u00e9lemy disposent du m\u00eame agenda scolaire.\r\n<h3>Vacances scolaires\u00a02025 2026 en Polyn\u00e9sie fran\u00e7aise<\/h3>\r\n<table>\r\n<tbody>\r\n<tr>\r\n<td width=\"302\"><strong>P\u00e9riode<\/strong><\/td>\r\n<td width=\"302\"><strong>Intervalle<\/strong><\/td>\r\n<\/tr>\r\n<tr>\r\n<td width=\"302\"><strong>Rentr\u00e9e\u00a02025<\/strong><\/td>\r\n<td width=\"302\">12 ao\u00fbt 2025<\/td>\r\n<\/tr>\r\n<tr>\r\n<td width=\"302\"><strong>Pause septembre<\/strong><\/td>\r\n<td width=\"302\">13 septembre 2025 \u2013 22 septembre 2025<\/td>\r\n<\/tr>\r\n<tr>\r\n<td width=\"302\"><strong>Pause octobre<\/strong><\/td>\r\n<td width=\"302\">25 octobre 2025 \u2013 10 novembre 2025<\/td>\r\n<\/tr>\r\n<tr>\r\n<td width=\"302\"><strong>No\u00ebl<\/strong><\/td>\r\n<td width=\"302\">13 d\u00e9cembre 2025 \u2013 12 janvier 2026<\/td>\r\n<\/tr>\r\n<tr>\r\n<td width=\"302\"><strong>Pause f\u00e9vrier<\/strong><\/td>\r\n<td width=\"302\">14 f\u00e9vrier 2026 \u2013 23 f\u00e9vrier 2026<\/td>\r\n<\/tr>\r\n<tr>\r\n<td width=\"302\"><strong>\u00c9t\u00e9\u00a02026<\/strong><\/td>\r\n<td width=\"302\">3 juillet (\u00e9coles), 4 juillet coll\u00e8ges et lyc\u00e9es)<\/td>\r\n<\/tr>\r\n<\/tbody>\r\n<\/table>\r\nLa premi\u00e8re pause, d\u00e8s le mois de septembre, permet aux \u00e9l\u00e8ves et aux enseignants de b\u00e9n\u00e9ficier d\u2019un r\u00e9pit apr\u00e8s une rentr\u00e9e en ao\u00fbt et une pause estivale plus courte.\r\n<h3>Vacances scolaires\u00a02025-2026 en Nouvelle-Cal\u00e9donie<\/h3>\r\n<table>\r\n<tbody>\r\n<tr>\r\n<td width=\"302\"><strong>P\u00e9riode<\/strong><\/td>\r\n<td width=\"302\"><strong>Intervalle<\/strong><\/td>\r\n<\/tr>\r\n<tr>\r\n<td width=\"302\"><strong>Fin des cours\u00a02025 <\/strong><\/td>\r\n<td width=\"302\">13 d\u00e9cembre 2025 \u2013 16 f\u00e9vrier 2026<\/td>\r\n<\/tr>\r\n<tr>\r\n<td width=\"302\"><strong>Rentr\u00e9e scolaire\u00a02026 <\/strong><\/td>\r\n<td width=\"302\">16 f\u00e9vrier 2026<\/td>\r\n<\/tr>\r\n<tr>\r\n<td width=\"302\"><strong>1<sup>\u00e8re<\/sup> pause\u00a02026<\/strong><\/td>\r\n<td width=\"302\">4 avril 2026 \u2013 19 avril 2026<\/td>\r\n<\/tr>\r\n<tr>\r\n<td width=\"302\"><strong>2<sup>e<\/sup> pause\u00a02026<\/strong><\/td>\r\n<td width=\"302\">6 juin 2026 \u2013 21 juin 2026<\/td>\r\n<\/tr>\r\n<tr>\r\n<td width=\"302\"><strong>3<sup>e<\/sup> pause\u00a02026<\/strong><\/td>\r\n<td width=\"302\">8 ao\u00fbt 2026 \u2013 23 ao\u00fbt 2026<\/td>\r\n<\/tr>\r\n<tr>\r\n<td width=\"302\"><strong>4<sup>e<\/sup> pause\u00a02026<\/strong><\/td>\r\n<td width=\"302\">10 octobre 2026 \u2013 25 octobre 2026<\/td>\r\n<\/tr>\r\n<tr>\r\n<td width=\"302\"><strong>Fin des classes 2026<\/strong><\/td>\r\n<td width=\"302\">19 d\u00e9cembre 2026<\/td>\r\n<\/tr>\r\n<\/tbody>\r\n<\/table>\r\nSitu\u00e9 \u00e0 l\u2019autre bout de la carte, cette localit\u00e9 dispose d\u2019un programme totalement diff\u00e9rent de la m\u00e9tropole. La rentr\u00e9e y a lieu au mois de f\u00e9vrier.\r\n<h3>Vacances scolaires\u00a02025-2026 \u00e0 Wallis-et-Futuna<\/h3>\r\n<table>\r\n<tbody>\r\n<tr>\r\n<td width=\"302\"><strong>P\u00e9riode<\/strong><\/td>\r\n<td width=\"302\"><strong>Intervalle<\/strong><\/td>\r\n<\/tr>\r\n<tr>\r\n<td width=\"302\"><strong>Fin des classes 2025 <\/strong><\/td>\r\n<td width=\"302\">13 d\u00e9cembre 2025 \u2013 16 f\u00e9vrier 2026<\/td>\r\n<\/tr>\r\n<tr>\r\n<td width=\"302\"><strong>Rentr\u00e9e scolaire\u00a02026 <\/strong><\/td>\r\n<td width=\"302\">16 f\u00e9vrier 2026<\/td>\r\n<\/tr>\r\n<tr>\r\n<td width=\"302\"><strong>1<sup>\u00e8re<\/sup> pause\u00a02026<\/strong><\/td>\r\n<td width=\"302\">4 avril 2026 \u2013 19 avril 2026<\/td>\r\n<\/tr>\r\n<tr>\r\n<td width=\"302\"><strong>2<sup>e<\/sup> pause\u00a02026<\/strong><\/td>\r\n<td width=\"302\">6 juin 2026 \u2013 21 juin 2026<\/td>\r\n<\/tr>\r\n<tr>\r\n<td width=\"302\"><strong>3<sup>e<\/sup> pause\u00a02026<\/strong><\/td>\r\n<td width=\"302\">8 ao\u00fbt 2026 \u2013 23 ao\u00fbt 2026<\/td>\r\n<\/tr>\r\n<tr>\r\n<td width=\"302\"><strong>4<sup>e<\/sup> pause\u00a02026<\/strong><\/td>\r\n<td width=\"302\">10 octobre 2026 \u2013 25 octobre 2026<\/td>\r\n<\/tr>\r\n<tr>\r\n<td width=\"302\"><strong>Fin des cours\u00a02026<\/strong><\/td>\r\n<td width=\"302\">19 d\u00e9cembre 2026<\/td>\r\n<\/tr>\r\n<\/tbody>\r\n<\/table>\r\nVous pouvez trouver des informations compl\u00e9mentaires en cliquant sur le site officiel de votre acad\u00e9mie et t\u00e9l\u00e9charger le document complet. C\u2019est la garantie de ne commettre aucune erreur.\r\n\r\nConna\u00eetre pr\u00e9cis\u00e9ment les dates de cong\u00e9s est une cl\u00e9 pour accompagner sereinement le parcours scolaire de vos enfants. Consultez toujours le calendrier scolaire sp\u00e9cifique \u00e0 votre zone acad\u00e9mique. Tous les ans, un message de l'Education Nationale est envoy\u00e9 aux chefs d\u2019\u00e9tablissements pour rappeler les consignes relatives \u00e0 l\u2019organisation des vacances."},"excerpt":{"rendered":"<p>Pr\u00e9parez vos agendas\u2009! Que vous soyez parent, coll\u00e9gien ou lyc\u00e9en, conna\u00eetre \u00e0 l\u2019avance le\u00a0calendrier\u00a0des\u00a0vacances\u00a0est essentiel<\/p>\n","protected":false},"author":2,"featured_media":2062,"comment_status":"closed","ping_status":"open","sticky":false,"template":"","format":"standard","meta":{"_seopress_robots_primary_cat":"","_seopress_titles_title":"","_seopress_titles_desc":"","_seopress_robots_index":"","footnotes":""},"categories":[17],"tags":[16],"class_list":["post-2022","post","type-post","status-publish","format-standard","has-post-thumbnail","hentry","category-vie-scolaire","tag-branche"],"_links":{"self":[{"href":"https:\/\/cours-particuliers.com\/ag_api\/wp\/v2\/posts\/2022","targetHints":{"allow":["GET"]}}],"collection":[{"href":"https:\/\/cours-particuliers.com\/ag_api\/wp\/v2\/posts"}],"about":[{"href":"https:\/\/cours-particuliers.com\/ag_api\/wp\/v2\/types\/post"}],"author":[{"embeddable":true,"href":"https:\/\/cours-particuliers.com\/ag_api\/wp\/v2\/users\/2"}],"replies":[{"embeddable":true,"href":"https:\/\/cours-particuliers.com\/ag_api\/wp\/v2\/comments?post=2022"}],"version-history":[{"count":14,"href":"https:\/\/cours-particuliers.com\/ag_api\/wp\/v2\/posts\/2022\/revisions"}],"predecessor-version":[{"id":3254,"href":"https:\/\/cours-particuliers.com\/ag_api\/wp\/v2\/posts\/2022\/revisions\/3254"}],"wp:featuredmedia":[{"embeddable":true,"href":"https:\/\/cours-particuliers.com\/ag_api\/wp\/v2\/media\/2062"}],"wp:attachment":[{"href":"https:\/\/cours-particuliers.com\/ag_api\/wp\/v2\/media?parent=2022"}],"wp:term":[{"taxonomy":"category","embeddable":true,"href":"https:\/\/cours-particuliers.com\/ag_api\/wp\/v2\/categories?post=2022"},{"taxonomy":"post_tag","embeddable":true,"href":"https:\/\/cours-particuliers.com\/ag_api\/wp\/v2\/tags?post=2022"}],"curies":[{"name":"wp","href":"https:\/\/api.w.org\/{rel}","templated":true}]}}