{"id":2405,"date":"2025-03-04T11:01:42","date_gmt":"2025-03-04T10:01:42","guid":{"rendered":"https:\/\/cours-particuliers.com\/?p=2405"},"modified":"2025-03-11T15:06:29","modified_gmt":"2025-03-11T14:06:29","slug":"prendre-cours-de-francais","status":"publish","type":"post","link":"https:\/\/cours-particuliers.com\/prendre-cours-de-francais\/","title":{"rendered":"A quel moment faut-il prendre des cours de fran\u00e7ais ?"},"content":{"rendered":"<div id=\"ez-toc-container\" class=\"ez-toc-v2_0_67_1 counter-hierarchy ez-toc-counter ez-toc-grey ez-toc-container-direction\">\n<div class=\"ez-toc-title-container\">\n<p class=\"ez-toc-title \" >A lire dans cet article :<\/p>\n<span class=\"ez-toc-title-toggle\"><a href=\"#\" class=\"ez-toc-pull-right ez-toc-btn ez-toc-btn-xs ez-toc-btn-default ez-toc-toggle\" aria-label=\"Toggle Table of Content\"><span class=\"ez-toc-js-icon-con\"><span class=\"\"><span class=\"eztoc-hide\" style=\"display:none;\">Toggle<\/span><span class=\"ez-toc-icon-toggle-span\"><svg style=\"fill: #999;color:#999\" xmlns=\"http:\/\/www.w3.org\/2000\/svg\" class=\"list-377408\" width=\"20px\" height=\"20px\" viewBox=\"0 0 24 24\" fill=\"none\"><path d=\"M6 6H4v2h2V6zm14 0H8v2h12V6zM4 11h2v2H4v-2zm16 0H8v2h12v-2zM4 16h2v2H4v-2zm16 0H8v2h12v-2z\" fill=\"currentColor\"><\/path><\/svg><svg style=\"fill: #999;color:#999\" class=\"arrow-unsorted-368013\" xmlns=\"http:\/\/www.w3.org\/2000\/svg\" width=\"10px\" height=\"10px\" viewBox=\"0 0 24 24\" version=\"1.2\" baseProfile=\"tiny\"><path d=\"M18.2 9.3l-6.2-6.3-6.2 6.3c-.2.2-.3.4-.3.7s.1.5.3.7c.2.2.4.3.7.3h11c.3 0 .5-.1.7-.3.2-.2.3-.5.3-.7s-.1-.5-.3-.7zM5.8 14.7l6.2 6.3 6.2-6.3c.2-.2.3-.5.3-.7s-.1-.5-.3-.7c-.2-.2-.4-.3-.7-.3h-11c-.3 0-.5.1-.7.3-.2.2-.3.5-.3.7s.1.5.3.7z\"\/><\/svg><\/span><\/span><\/span><\/a><\/span><\/div>\n<nav><ul class='ez-toc-list ez-toc-list-level-1 ' ><li class='ez-toc-page-1 ez-toc-heading-level-2'><a class=\"ez-toc-link ez-toc-heading-1\" href=\"https:\/\/cours-particuliers.com\/prendre-cours-de-francais\/#Des_cours_de_francais_pour_preparer_un_concours_ou_une_certification\" title=\"Des cours de fran\u00e7ais pour pr\u00e9parer un concours ou une certification\">Des cours de fran\u00e7ais pour pr\u00e9parer un concours ou une certification<\/a><ul class='ez-toc-list-level-3' ><li class='ez-toc-heading-level-3'><a class=\"ez-toc-link ez-toc-heading-2\" href=\"https:\/\/cours-particuliers.com\/prendre-cours-de-francais\/#Se_preparer_aux_epreuves_dun_concours\" title=\"Se pr\u00e9parer aux \u00e9preuves d\u2019un concours\">Se pr\u00e9parer aux \u00e9preuves d\u2019un concours<\/a><\/li><li class='ez-toc-page-1 ez-toc-heading-level-3'><a class=\"ez-toc-link ez-toc-heading-3\" href=\"https:\/\/cours-particuliers.com\/prendre-cours-de-francais\/#Renforcer_les_competences_linguistiques_pour_obtenir_une_certification\" title=\"Renforcer les comp\u00e9tences linguistiques pour obtenir une certification\">Renforcer les comp\u00e9tences linguistiques pour obtenir une certification<\/a><\/li><\/ul><\/li><li class='ez-toc-page-1 ez-toc-heading-level-2'><a class=\"ez-toc-link ez-toc-heading-4\" href=\"https:\/\/cours-particuliers.com\/prendre-cours-de-francais\/#Des_cours_de_francais_dans_le_cadre_dun_soutien_scolaire\" title=\"Des cours de fran\u00e7ais dans le cadre d\u2019un soutien scolaire\">Des cours de fran\u00e7ais dans le cadre d\u2019un soutien scolaire<\/a><ul class='ez-toc-list-level-3' ><li class='ez-toc-heading-level-3'><a class=\"ez-toc-link ez-toc-heading-5\" href=\"https:\/\/cours-particuliers.com\/prendre-cours-de-francais\/#Accompagnement_des_eleves_du_primaire\" title=\"Accompagnement des \u00e9l\u00e8ves du primaire\">Accompagnement des \u00e9l\u00e8ves du primaire<\/a><\/li><li class='ez-toc-page-1 ez-toc-heading-level-3'><a class=\"ez-toc-link ez-toc-heading-6\" href=\"https:\/\/cours-particuliers.com\/prendre-cours-de-francais\/#Accompagnement_des_eleves_du_college\" title=\"Accompagnement des \u00e9l\u00e8ves du coll\u00e8ge\">Accompagnement des \u00e9l\u00e8ves du coll\u00e8ge<\/a><\/li><li class='ez-toc-page-1 ez-toc-heading-level-3'><a class=\"ez-toc-link ez-toc-heading-7\" href=\"https:\/\/cours-particuliers.com\/prendre-cours-de-francais\/#Accompagnement_des_lyceens\" title=\"Accompagnement des lyc\u00e9ens\">Accompagnement des lyc\u00e9ens<\/a><\/li><\/ul><\/li><li class='ez-toc-page-1 ez-toc-heading-level-2'><a class=\"ez-toc-link ez-toc-heading-8\" href=\"https:\/\/cours-particuliers.com\/prendre-cours-de-francais\/#Des_cours_de_francais_pour_se_perfectionner\" title=\"Des cours de fran\u00e7ais pour se perfectionner\">Des cours de fran\u00e7ais pour se perfectionner<\/a><ul class='ez-toc-list-level-3' ><li class='ez-toc-heading-level-3'><a class=\"ez-toc-link ez-toc-heading-9\" href=\"https:\/\/cours-particuliers.com\/prendre-cours-de-francais\/#Renforcement_linguistique_pour_un_usage_dans_la_vie_quotidienne\" title=\"Renforcement linguistique pour un usage dans la vie quotidienne\">Renforcement linguistique pour un usage dans la vie quotidienne<\/a><\/li><li class='ez-toc-page-1 ez-toc-heading-level-3'><a class=\"ez-toc-link ez-toc-heading-10\" href=\"https:\/\/cours-particuliers.com\/prendre-cours-de-francais\/#Specialisation_pour_des_domaines_professionnels\" title=\"Sp\u00e9cialisation pour des domaines professionnels\">Sp\u00e9cialisation pour des domaines professionnels<\/a><\/li><\/ul><\/li><li class='ez-toc-page-1 ez-toc-heading-level-2'><a class=\"ez-toc-link ez-toc-heading-11\" href=\"https:\/\/cours-particuliers.com\/prendre-cours-de-francais\/#Des_cours_de_francais_pour_soutenir_un_projet_professionnel_ou_academique\" title=\"Des cours de fran\u00e7ais pour soutenir un projet professionnel ou acad\u00e9mique\">Des cours de fran\u00e7ais pour soutenir un projet professionnel ou acad\u00e9mique<\/a><ul class='ez-toc-list-level-3' ><li class='ez-toc-heading-level-3'><a class=\"ez-toc-link ez-toc-heading-12\" href=\"https:\/\/cours-particuliers.com\/prendre-cours-de-francais\/#Integrer_un_etablissement_academique\" title=\"Int\u00e9grer un \u00e9tablissement acad\u00e9mique\">Int\u00e9grer un \u00e9tablissement acad\u00e9mique<\/a><\/li><li class='ez-toc-page-1 ez-toc-heading-level-3'><a class=\"ez-toc-link ez-toc-heading-13\" href=\"https:\/\/cours-particuliers.com\/prendre-cours-de-francais\/#Dans_le_cadre_de_la_recherche_academique\" title=\"Dans le cadre de la recherche acad\u00e9mique\">Dans le cadre de la recherche acad\u00e9mique<\/a><\/li><li class='ez-toc-page-1 ez-toc-heading-level-3'><a class=\"ez-toc-link ez-toc-heading-14\" href=\"https:\/\/cours-particuliers.com\/prendre-cours-de-francais\/#Evoluer_professionnellement\" title=\"\u00c9voluer professionnellement\">\u00c9voluer professionnellement<\/a><\/li><\/ul><\/li><\/ul><\/nav><\/div>\n<p>Les <strong>cours particuliers<\/strong> en ligne ou \u00e0 domicile sont particuli\u00e8rement utiles pour renforcer la ma\u00eetrise de la langue fran\u00e7aise, dans un cadre acad\u00e9mique ou professionnel.<\/p>\n<p>Pour <strong>trouver un professeur de fran\u00e7ais<\/strong> exp\u00e9riment\u00e9, vous avez plusieurs options : passer par une plateforme de cours \u00e0 domicile, une \u00e9cole ou un centre de langues comme l&rsquo;Alliance Fran\u00e7aise, ou des associations culturelles.<\/p>\n<p>Mais \u00e0 quel moment est-il judicieux de <a href=\"https:\/\/cours-particuliers.com\/prendre-des-cours-de-francais\/\">prendre des cours de fran\u00e7ais<\/a> ?\u00a0 D\u00e9couvrez-le \u00e0 travers cet article.<\/p>\n<h2><span class=\"ez-toc-section\" id=\"Des_cours_de_francais_pour_preparer_un_concours_ou_une_certification\"><\/span>Des cours de fran\u00e7ais pour pr\u00e9parer un concours ou une certification<span class=\"ez-toc-section-end\"><\/span><\/h2>\n<p>Les formations dans cette mati\u00e8re permettent de consolider les <strong>comp\u00e9tences linguistiques<\/strong> requises, et d\u2019aborder sereinement les \u00e9preuves des concours ou certifications.<\/p>\n<figure id=\"attachment_199051\" aria-describedby=\"caption-attachment-199051\" style=\"width: 1024px\" class=\"wp-caption aligncenter\"><img loading=\"lazy\" decoding=\"async\" class=\"size-large wp-image-199051\" src=\"https:\/\/cours-particuliers.com\/wp-content\/uploads\/2025\/03\/monuments-seine-paris-1024x683.jpg\" alt=\"Vue sur le pont des Arts \u00e0 Paris, depuis les quais.\" width=\"1024\" height=\"683\"><figcaption id=\"caption-attachment-199051\" class=\"wp-caption-text\">Si votre projet est d&rsquo;\u00e9tudier \u00e0 la Sorbonne, n&rsquo;h\u00e9sitez pas \u00e0 prendre des cours de fran\u00e7ais avant la rentr\u00e9e !<\/figcaption><\/figure>\n<h3><span class=\"ez-toc-section\" id=\"Se_preparer_aux_epreuves_dun_concours\"><\/span>Se pr\u00e9parer aux \u00e9preuves d\u2019un concours<span class=\"ez-toc-section-end\"><\/span><\/h3>\n<p>De nombreux examens, acad\u00e9miques, professionnels ou administratifs, n\u00e9cessitent une ma\u00eetrise linguistique avanc\u00e9e. En fonction du type d\u2019examen ou test, les s\u00e9ances, les le\u00e7ons et les exercices doivent \u00eatre orient\u00e9s vers des objectifs pr\u00e9cis pour permettre au candidat de r\u00e9pondre aux exigences des \u00e9preuves :<\/p>\n<ul>\n<li>La premi\u00e8re \u00e9tape consiste \u00e0 renforcer les comp\u00e9tences fondamentales en grammaire. Cela permet d\u2019\u00e9viter les erreurs courantes, et de structurer les r\u00e9ponses de mani\u00e8re claire et coh\u00e9rente,<\/li>\n<li>En parall\u00e8le, la pratique de la compr\u00e9hension \u00e9crite et orale permet de s\u2019habituer aux types de documents que vous pourrez rencontrer lors des \u00e9preuves (textes litt\u00e9raires, documents administratifs).<\/li>\n<\/ul>\n<p>Lors des concours officiels comme le CAPES, par exemple, quelle que soit la mati\u00e8re, la ma\u00eetrise \u00e9crite et orale du fran\u00e7ais est appr\u00e9ci\u00e9e. Cela inclut le style et la syntaxe, le vocabulaire vari\u00e9, la grammaire ou encore l\u2019orthographe.<\/p>\n<p>M\u00eame si votre copie est bonne, le correcteur risque de vous mettre une mauvaise note si votre composition comporte beaucoup de fautes d&rsquo;orthographe ou d&rsquo;accords grammaticaux.<\/p>\n<h3><span class=\"ez-toc-section\" id=\"Renforcer_les_competences_linguistiques_pour_obtenir_une_certification\"><\/span>Renforcer les comp\u00e9tences linguistiques pour obtenir une certification<span class=\"ez-toc-section-end\"><\/span><\/h3>\n<p>L\u2019accompagnement d\u2019un enseignant particulier est indispensable pour pr\u00e9parer une certification comme le DELF ou le DALF.<\/p>\n<p>Ces certifications, non seulement reconnues en France, mais aussi \u00e0 l\u2019international, sont souvent requises pour l\u2019admission dans les \u00e9tablissements d\u2019enseignement, les demandes de visa ou l\u2019acc\u00e8s \u00e0 certaines opportunit\u00e9s professionnelles.<\/p>\n<p>Pour les r\u00e9ussir, il faut une pr\u00e9paration adapt\u00e9e, avec des entra\u00eenements aux \u00e9preuves de compr\u00e9hension et d\u2019expression, ainsi que des simulations d\u2019examen, pour bien se familiariser avec la structure des \u00e9preuves.<\/p>\n<p>D&rsquo;o\u00f9 la n\u00e9cessit\u00e9 de prendre des cours particuliers de fran\u00e7ais !<\/p>\n<p>Pour le DELF A1 (niveau d\u00e9butant) par exemple, l\u2019examen se divise en quatre parties (\u00e9coute, lecture, \u00e9criture, oral) qui n\u2019exc\u00e8dent pas les 30 minutes chacune.<\/p>\n<p>En ce qui concerne les certifications DALF et DALF C1\/C2 (niveaux plus avanc\u00e9s), la pr\u00e9paration s&rsquo;articule autour de la production d\u2019essais \u00e9crits complexes, et de d\u00e9bats oraux sur des sujets sp\u00e9cifiques.<\/p>\n<p>Renseignez-vous bien sur le <a href=\"https:\/\/cours-particuliers.com\/cout-cours-de-francais\/\">prix des cours de fran\u00e7ais<\/a> !<\/p>\n<h2><span class=\"ez-toc-section\" id=\"Des_cours_de_francais_dans_le_cadre_dun_soutien_scolaire\"><\/span>Des cours de fran\u00e7ais dans le cadre d\u2019un soutien scolaire<span class=\"ez-toc-section-end\"><\/span><\/h2>\n<p>Le professeur peut aider les \u00e9tudiants \u00e0 surmonter leurs lacunes et \u00e0 consolider leurs comp\u00e9tences linguistiques.<\/p>\n<h3><span class=\"ez-toc-section\" id=\"Accompagnement_des_eleves_du_primaire\"><\/span>Accompagnement des \u00e9l\u00e8ves du primaire<span class=\"ez-toc-section-end\"><\/span><\/h3>\n<p>Au primaire, les <strong>professeurs particuliers<\/strong> peuvent aider l\u2019\u00e9l\u00e8ve \u00e0 consolider les bases de la lecture, de l\u2019\u00e9criture et de la compr\u00e9hension de texte. La formation particuli\u00e8re met l\u2019accent sur les r\u00e8gles fondamentales de la grammaire, de l\u2019orthographe et de la conjugaison. Un accompagnement aux devoirs permet \u00e0 l\u2019\u00e9tudiant d\u2019assimiler progressivement ces notions, et d\u2019\u00eatre plus \u00e0 l\u2019aise avec l\u2019expression \u00e9crite et orale.<\/p>\n<p>Les s\u00e9ances peuvent consister en un apprentissage interactif et int\u00e9grer des jeux \u00e9ducatifs et des exercices ludiques. Le but est d\u2019aider les enfants \u00e0 mieux int\u00e9grer les notions, et de rendre l\u2019enseignement plus engageant.<\/p>\n<h3><span class=\"ez-toc-section\" id=\"Accompagnement_des_eleves_du_college\"><\/span>Accompagnement des \u00e9l\u00e8ves du coll\u00e8ge<span class=\"ez-toc-section-end\"><\/span><\/h3>\n<p>Les exigences augmentent, et vous devez d\u00e9velopper des comp\u00e9tences plus avanc\u00e9es dans cette langue. Le soutien d\u2019un professeur particulier vous aide \u00e0 apprendre et approfondir l\u2019analyse de textes litt\u00e9raires, \u00e0 am\u00e9liorer votre culture litt\u00e9raire, et \u00e0 structurer vos \u00e9crits. Il vous pr\u00e9pare aussi \u00e0 l\u2019\u00e9preuve du brevet, en travaillant la m\u00e9thodologie de r\u00e9daction et la compr\u00e9hension de textes.<\/p>\n<p>Par ailleurs, les s\u00e9ances de soutien sont utiles pour approfondir les notions grammaticales et stylistiques. Elles visent \u00e0 rendre les \u00e9l\u00e8ves autonomes dans la r\u00e9daction et l\u2019analyse, \u00e0 travers des exos d\u2019\u00e9criture cr\u00e9ative et d\u2019analyse de textes complexes.<\/p>\n<h3><span class=\"ez-toc-section\" id=\"Accompagnement_des_lyceens\"><\/span>Accompagnement des lyc\u00e9ens<span class=\"ez-toc-section-end\"><\/span><\/h3>\n<p>Au lyc\u00e9e, le fran\u00e7ais devient une mati\u00e8re-cl\u00e9.<\/p>\n<p>Le <strong>prof particulier<\/strong> vous aide notamment \u00e0 travailler la m\u00e9thodologie du commentaire compos\u00e9 et de la dissertation, ainsi que l\u2019expression orale. Cela vous enseigne \u00e0 structurer vos pens\u00e9es, \u00e0 argumenter de mani\u00e8re claire et \u00e0 affiner votre analyse des textes de litt\u00e9rature.<\/p>\n<p>En vue de la pr\u00e9paration aux \u00e9preuves du bac, les sessions peuvent inclure des r\u00e9visions cibl\u00e9es. Celles-ci mettent une attention particuli\u00e8re sur la gestion de temps et la pr\u00e9cision des arguments.<\/p>\n<p>Si vous connaissez d\u00e9j\u00e0 votre objectif, d\u00e9couvrez o\u00f9 <a href=\"https:\/\/cours-particuliers.com\/trouver-un-prof-de-francais\/\">trouver un super prof de fran\u00e7ais<\/a> !<\/p>\n<h2><span class=\"ez-toc-section\" id=\"Des_cours_de_francais_pour_se_perfectionner\"><\/span>Des cours de fran\u00e7ais pour se perfectionner<span class=\"ez-toc-section-end\"><\/span><\/h2>\n<p>Outre la pr\u00e9paration \u00e0 des examens ou des concours, le soutien d\u2019un professeur particulier peut \u00e9galement servir \u00e0 am\u00e9liorer la ma\u00eetrise linguistique pour un usage sp\u00e9cifique, en fonction des objectifs personnels de chaque apprenant.<\/p>\n<h3><span class=\"ez-toc-section\" id=\"Renforcement_linguistique_pour_un_usage_dans_la_vie_quotidienne\"><\/span>Renforcement linguistique pour un usage dans la vie quotidienne<span class=\"ez-toc-section-end\"><\/span><\/h3>\n<p>Si vous venez d\u2019un autre pays et que vous visitez Paris ou une autre ville de France par exemple, vous pouvez prendre des formations de FLE ou Fran\u00e7ais Langue \u00c9trang\u00e8re.<\/p>\n<p>Celles-ci vous permettent d\u2019am\u00e9liorer votre <strong>niveau de langue<\/strong> afin d\u2019interagir avec les francophones.<\/p>\n<p><strong>Apprendre le fran\u00e7ais<\/strong> est aussi utile pour \u00eatre \u00e0 l\u2019aise dans des contextes divers. Les exercices peuvent ainsi inclure :<\/p>\n<ul>\n<li>La communication avec les natifs de France, de Suisse, Luxembourg, de Belgique ou du Maghreb dans des situations quotidiennes. L\u2019expression orale au quotidien est souvent informelle, avec des expressions idiomatiques et des termes familiers. L\u2019accompagnement aide alors \u00e0 se familiariser avec cette mani\u00e8re de parler plus d\u00e9contract\u00e9e, \u00e0 travers des activit\u00e9s pratiques comme les mises en situation,<\/li>\n<li>Les \u00e9changes avec les francophones. Cela implique de parler couramment le \u201cfrench lang\u201d avec des natifs ou des coll\u00e8gues dans un cadre informel, tout en \u00e9tant capable de comprendre et d\u2019exprimer vos id\u00e9es de fa\u00e7on claire.<\/li>\n<\/ul>\n<p>Les s\u00e9ances peuvent se faire \u00e0 distance, via des sites de formation linguistique, \u00e0 domicile de mani\u00e8re individuelle, en stage intensif, ou encore en ateliers de groupes. Dans tous les cas, les professeurs mettent \u00e0 votre disposition les ressources, les outils et les enseignements n\u00e9cessaires pour atteindre vos objectifs.<\/p>\n<p>Pour les plateformes de mise en relation en ligne, v\u00e9rifiez les avis laiss\u00e9s par d\u2019anciens \u00e9l\u00e8ves pour choisir votre prof particulier.<\/p>\n<h3><span class=\"ez-toc-section\" id=\"Specialisation_pour_des_domaines_professionnels\"><\/span>Sp\u00e9cialisation pour des domaines professionnels<span class=\"ez-toc-section-end\"><\/span><\/h3>\n<p>Le fran\u00e7ais sp\u00e9cialis\u00e9 est requis dans des secteurs o\u00f9 il constitue un outil central, comme le domaine juridique, m\u00e9dical ou commercial. Dans ce cas-l\u00e0, les cours peuvent \u00eatre orient\u00e9s vers des objectifs pr\u00e9cis, comme la r\u00e9daction de rapports professionnels ou la compr\u00e9hension de textes sp\u00e9cialis\u00e9s. Ils vous aident aussi \u00e0 :<\/p>\n<ul>\n<li><strong>Am\u00e9liorer votre vocabulaire<\/strong> technique, \u00e0 assimiler des termes sp\u00e9cifiques \u00e0 un domaine donn\u00e9 pour communiquer de mani\u00e8re plus professionnelle et pr\u00e9cise. Cela se fait \u00e0 travers des exos cibl\u00e9s, des \u00e9tudes de cas et des mises en situation r\u00e9alistes,<\/li>\n<li>R\u00e9diger des documents officiels et administratifs. Vous pouvez r\u00e9diger des courriers administratifs et professionnels adress\u00e9s \u00e0 une institution, une demande officielle, ou une r\u00e9clamation, qui n\u00e9cessitent de respecter des tournures sp\u00e9cifiques, et d\u2019utiliser un ton formel. Cela implique donc de conna\u00eetre les formules de politesse ad\u00e9quates, ainsi que la structure des documents,<\/li>\n<li>R\u00e9diger les documents juridiques courants. Certains professionnels doivent comprendre et r\u00e9diger des documents officiels comme les conditions g\u00e9n\u00e9rales, les conventions ou les correspondances institutionnelles. Un travail sur la terminologie et la clart\u00e9 r\u00e9dactionnelle permet d\u2019\u00e9viter les impr\u00e9cisions et de mieux interpr\u00e9ter ces textes.<\/li>\n<\/ul>\n<p>Dans le milieu professionnel, vous pourriez aussi \u00eatre amen\u00e9 \u00e0 r\u00e9diger des rapports et des comptes rendus.<\/p>\n<p>Le professeur vous apprend \u00e0 produire des documents \u00e9crits clairs, concis et structur\u00e9s, mais surtout qui respectent les r\u00e8gles syntaxiques. Il vous enseigne comment organiser les id\u00e9es de mani\u00e8re logique, hi\u00e9rarchiser les informations, et utiliser un style adapt\u00e9.<\/p>\n<p>Faut-il choisir des <a href=\"https:\/\/cours-particuliers.com\/cours-de-francais-a-domicile-ou-en-ligne\/\">cours de fran\u00e7ais en ligne ou \u00e0 domicile<\/a> ?<\/p>\n<h2><span class=\"ez-toc-section\" id=\"Des_cours_de_francais_pour_soutenir_un_projet_professionnel_ou_academique\"><\/span>Des cours de fran\u00e7ais pour soutenir un projet professionnel ou acad\u00e9mique<span class=\"ez-toc-section-end\"><\/span><\/h2>\n<p>La <strong>ma\u00eetrise du fran\u00e7ais<\/strong> est un atout dans de nombreux milieux professionnels et acad\u00e9miques, notamment pour les non-natifs.<\/p>\n<figure id=\"attachment_199050\" aria-describedby=\"caption-attachment-199050\" style=\"width: 1024px\" class=\"wp-caption aligncenter\"><img loading=\"lazy\" decoding=\"async\" class=\"size-large wp-image-199050\" src=\"https:\/\/cours-particuliers.com\/wp-content\/uploads\/2025\/03\/fille-travail-ordinateur-cafe-1024x683.jpg\" alt=\"Une jolie femme travaille derri\u00e8re une grande vitre dans un bar lumineux.\" width=\"1024\" height=\"683\"><figcaption id=\"caption-attachment-199050\" class=\"wp-caption-text\">Gr\u00e2ce \u00e0 un prof de fran\u00e7ais exp\u00e9riment\u00e9, vous pourriez donner un grand coup de boost \u00e0 votre carri\u00e8re !<\/figcaption><\/figure>\n<h3><span class=\"ez-toc-section\" id=\"Integrer_un_etablissement_academique\"><\/span>Int\u00e9grer un \u00e9tablissement acad\u00e9mique<span class=\"ez-toc-section-end\"><\/span><\/h3>\n<p>Pour les \u00e9l\u00e8ves internationaux, l\u2019<strong>apprentissage de la langue fran\u00e7aise<\/strong> est souvent indispensable pour int\u00e9grer une universit\u00e9 ou une grande \u00e9cole de France. En outre, les certifications dans cet idiome sont souvent des pr\u00e9requis pour \u00eatre admis dans ces \u00e9tablissements.<\/p>\n<h3><span class=\"ez-toc-section\" id=\"Dans_le_cadre_de_la_recherche_academique\"><\/span>Dans le cadre de la recherche acad\u00e9mique<span class=\"ez-toc-section-end\"><\/span><\/h3>\n<p>Pour une th\u00e8se ou un projet de recherche, la qualit\u00e9 de la r\u00e9daction est un crit\u00e8re essentiel pour la publication d\u2019articles et la soutenance des travaux scientifiques. L\u2019accompagnement d\u2019un prof aide ainsi les chercheurs et les doctorants \u00e0 :<\/p>\n<ul>\n<li>Structurer leurs \u00e9crits acad\u00e9miques, en respectant les conventions propres \u00e0 ces travaux,<\/li>\n<li>\u00c9viter les erreurs de langage, pour une r\u00e9daction fluide et professionnelle.<\/li>\n<\/ul>\n<p>Le soutien d\u2019un <strong>professeur particulier<\/strong> vous aide aussi \u00e0 am\u00e9liorer l\u2019expression orale, sp\u00e9cifiquement pour les colloques ou les conf\u00e9rences. Cela permet de gagner en aisance, en confiance en vous, et de renforcer la cr\u00e9dibilit\u00e9 des travaux aupr\u00e8s des pairs et des comit\u00e9s de lecture.<\/p>\n<h3><span class=\"ez-toc-section\" id=\"Evoluer_professionnellement\"><\/span>\u00c9voluer professionnellement<span class=\"ez-toc-section-end\"><\/span><\/h3>\n<p>Un bon niveau linguistique peut \u00eatre un levier de progression pour acc\u00e9der \u00e0 de meilleures opportunit\u00e9s. Am\u00e9liorer la communication orale permet par exemple d\u2019\u00eatre plus \u00e0 l\u2019aise lors des r\u00e9unions, pr\u00e9sentations ou n\u00e9gociations. Le renforcement des comp\u00e9tences \u00e9crites permet de r\u00e9diger des e-mails ou des rapports avec clart\u00e9 et professionnalisme.<\/p>\n<p>Il existe des plateformes sur lesquelles vous pouvez apprendre gratuitement les langues. Les MOOCS, par exemple, proposent des cours gratuits que tout le monde peut suivre. Toutefois, si vous souhaitez un accompagnement complet et sur mesure suivant vos objectifs sp\u00e9cifiques, le mieux est de vous orienter vers les <a href=\"https:\/\/www.superprof.fr\/cours\/francais\/france\/\">cours de soutien en fran\u00e7ais<\/a> d&rsquo;un prof particulier.<\/p>\n<p>Sur les plateformes comme Superprof, vous pouvez choisir le profil qui est le plus \u00e0 m\u00eame de vous accompagner, parmi la multitude de profs qualifi\u00e9s. Avec l\u2019option face \u00e0 face ou par webcam, vous pouvez vous arranger avec le prof concernant l\u2019emploi du temps, selon votre disponibilit\u00e9 durant la semaine.<\/p>\n","_raw":"Les <strong>cours particuliers<\/strong> en ligne ou \u00e0 domicile sont particuli\u00e8rement utiles pour renforcer la ma\u00eetrise de la langue fran\u00e7aise, dans un cadre acad\u00e9mique ou professionnel.\r\n\r\nPour <strong>trouver un professeur de fran\u00e7ais<\/strong> exp\u00e9riment\u00e9, vous avez plusieurs options : passer par une plateforme de cours \u00e0 domicile, une \u00e9cole ou un centre de langues comme l'Alliance Fran\u00e7aise, ou des associations culturelles.\r\n\r\nMais \u00e0 quel moment est-il judicieux de <a href=\"https:\/\/cours-particuliers.com\/prendre-des-cours-de-francais\/\">prendre des cours de fran\u00e7ais<\/a> ?\u00a0 D\u00e9couvrez-le \u00e0 travers cet article.\r\n<h2>Des cours de fran\u00e7ais pour pr\u00e9parer un concours ou une certification<\/h2>\r\nLes formations dans cette mati\u00e8re permettent de consolider les <strong>comp\u00e9tences linguistiques<\/strong> requises, et d\u2019aborder sereinement les \u00e9preuves des concours ou certifications.\r\n\r\n[caption id=\"attachment_199051\" align=\"aligncenter\" width=\"1024\"]<img class=\"size-large wp-image-199051\" src=\"https:\/\/cours-particuliers.com\/wp-content\/uploads\/2025\/03\/monuments-seine-paris-1024x683.jpg\" alt=\"Vue sur le pont des Arts \u00e0 Paris, depuis les quais.\" width=\"1024\" height=\"683\"> Si votre projet est d'\u00e9tudier \u00e0 la Sorbonne, n'h\u00e9sitez pas \u00e0 prendre des cours de fran\u00e7ais avant la rentr\u00e9e ![\/caption]\r\n<h3>Se pr\u00e9parer aux \u00e9preuves d\u2019un concours<\/h3>\r\nDe nombreux examens, acad\u00e9miques, professionnels ou administratifs, n\u00e9cessitent une ma\u00eetrise linguistique avanc\u00e9e. En fonction du type d\u2019examen ou test, les s\u00e9ances, les le\u00e7ons et les exercices doivent \u00eatre orient\u00e9s vers des objectifs pr\u00e9cis pour permettre au candidat de r\u00e9pondre aux exigences des \u00e9preuves :\r\n<ul>\r\n \t<li>La premi\u00e8re \u00e9tape consiste \u00e0 renforcer les comp\u00e9tences fondamentales en grammaire. Cela permet d\u2019\u00e9viter les erreurs courantes, et de structurer les r\u00e9ponses de mani\u00e8re claire et coh\u00e9rente,<\/li>\r\n \t<li>En parall\u00e8le, la pratique de la compr\u00e9hension \u00e9crite et orale permet de s\u2019habituer aux types de documents que vous pourrez rencontrer lors des \u00e9preuves (textes litt\u00e9raires, documents administratifs).<\/li>\r\n<\/ul>\r\nLors des concours officiels comme le CAPES, par exemple, quelle que soit la mati\u00e8re, la ma\u00eetrise \u00e9crite et orale du fran\u00e7ais est appr\u00e9ci\u00e9e. Cela inclut le style et la syntaxe, le vocabulaire vari\u00e9, la grammaire ou encore l\u2019orthographe.\r\n\r\nM\u00eame si votre copie est bonne, le correcteur risque de vous mettre une mauvaise note si votre composition comporte beaucoup de fautes d'orthographe ou d'accords grammaticaux.\r\n<h3>Renforcer les comp\u00e9tences linguistiques pour obtenir une certification<\/h3>\r\nL\u2019accompagnement d\u2019un enseignant particulier est indispensable pour pr\u00e9parer une certification comme le DELF ou le DALF.\r\n\r\nCes certifications, non seulement reconnues en France, mais aussi \u00e0 l\u2019international, sont souvent requises pour l\u2019admission dans les \u00e9tablissements d\u2019enseignement, les demandes de visa ou l\u2019acc\u00e8s \u00e0 certaines opportunit\u00e9s professionnelles.\r\n\r\nPour les r\u00e9ussir, il faut une pr\u00e9paration adapt\u00e9e, avec des entra\u00eenements aux \u00e9preuves de compr\u00e9hension et d\u2019expression, ainsi que des simulations d\u2019examen, pour bien se familiariser avec la structure des \u00e9preuves.\r\n\r\nD'o\u00f9 la n\u00e9cessit\u00e9 de prendre des cours particuliers de fran\u00e7ais !\r\n\r\nPour le DELF A1 (niveau d\u00e9butant) par exemple, l\u2019examen se divise en quatre parties (\u00e9coute, lecture, \u00e9criture, oral) qui n\u2019exc\u00e8dent pas les 30 minutes chacune.\r\n\r\nEn ce qui concerne les certifications DALF et DALF C1\/C2 (niveaux plus avanc\u00e9s), la pr\u00e9paration s'articule autour de la production d\u2019essais \u00e9crits complexes, et de d\u00e9bats oraux sur des sujets sp\u00e9cifiques.\r\n\r\nRenseignez-vous bien sur le <a href=\"https:\/\/cours-particuliers.com\/cout-cours-de-francais\/\">prix des cours de fran\u00e7ais<\/a> !\r\n<h2>Des cours de fran\u00e7ais dans le cadre d\u2019un soutien scolaire<\/h2>\r\nLe professeur peut aider les \u00e9tudiants \u00e0 surmonter leurs lacunes et \u00e0 consolider leurs comp\u00e9tences linguistiques.\r\n<h3>Accompagnement des \u00e9l\u00e8ves du primaire<\/h3>\r\nAu primaire, les <strong>professeurs particuliers<\/strong> peuvent aider l\u2019\u00e9l\u00e8ve \u00e0 consolider les bases de la lecture, de l\u2019\u00e9criture et de la compr\u00e9hension de texte. La formation particuli\u00e8re met l\u2019accent sur les r\u00e8gles fondamentales de la grammaire, de l\u2019orthographe et de la conjugaison. Un accompagnement aux devoirs permet \u00e0 l\u2019\u00e9tudiant d\u2019assimiler progressivement ces notions, et d\u2019\u00eatre plus \u00e0 l\u2019aise avec l\u2019expression \u00e9crite et orale.\r\n\r\nLes s\u00e9ances peuvent consister en un apprentissage interactif et int\u00e9grer des jeux \u00e9ducatifs et des exercices ludiques. Le but est d\u2019aider les enfants \u00e0 mieux int\u00e9grer les notions, et de rendre l\u2019enseignement plus engageant.\r\n<h3>Accompagnement des \u00e9l\u00e8ves du coll\u00e8ge<\/h3>\r\nLes exigences augmentent, et vous devez d\u00e9velopper des comp\u00e9tences plus avanc\u00e9es dans cette langue. Le soutien d\u2019un professeur particulier vous aide \u00e0 apprendre et approfondir l\u2019analyse de textes litt\u00e9raires, \u00e0 am\u00e9liorer votre culture litt\u00e9raire, et \u00e0 structurer vos \u00e9crits. Il vous pr\u00e9pare aussi \u00e0 l\u2019\u00e9preuve du brevet, en travaillant la m\u00e9thodologie de r\u00e9daction et la compr\u00e9hension de textes.\r\n\r\nPar ailleurs, les s\u00e9ances de soutien sont utiles pour approfondir les notions grammaticales et stylistiques. Elles visent \u00e0 rendre les \u00e9l\u00e8ves autonomes dans la r\u00e9daction et l\u2019analyse, \u00e0 travers des exos d\u2019\u00e9criture cr\u00e9ative et d\u2019analyse de textes complexes.\r\n<h3>Accompagnement des lyc\u00e9ens<\/h3>\r\nAu lyc\u00e9e, le fran\u00e7ais devient une mati\u00e8re-cl\u00e9.\r\n\r\nLe <strong>prof particulier<\/strong> vous aide notamment \u00e0 travailler la m\u00e9thodologie du commentaire compos\u00e9 et de la dissertation, ainsi que l\u2019expression orale. Cela vous enseigne \u00e0 structurer vos pens\u00e9es, \u00e0 argumenter de mani\u00e8re claire et \u00e0 affiner votre analyse des textes de litt\u00e9rature.\r\n\r\nEn vue de la pr\u00e9paration aux \u00e9preuves du bac, les sessions peuvent inclure des r\u00e9visions cibl\u00e9es. Celles-ci mettent une attention particuli\u00e8re sur la gestion de temps et la pr\u00e9cision des arguments.\r\n\r\nSi vous connaissez d\u00e9j\u00e0 votre objectif, d\u00e9couvrez o\u00f9 <a href=\"https:\/\/cours-particuliers.com\/trouver-un-prof-de-francais\/\">trouver un super prof de fran\u00e7ais<\/a> !\r\n<h2>Des cours de fran\u00e7ais pour se perfectionner<\/h2>\r\nOutre la pr\u00e9paration \u00e0 des examens ou des concours, le soutien d\u2019un professeur particulier peut \u00e9galement servir \u00e0 am\u00e9liorer la ma\u00eetrise linguistique pour un usage sp\u00e9cifique, en fonction des objectifs personnels de chaque apprenant.\r\n<h3>Renforcement linguistique pour un usage dans la vie quotidienne<\/h3>\r\nSi vous venez d\u2019un autre pays et que vous visitez Paris ou une autre ville de France par exemple, vous pouvez prendre des formations de FLE ou Fran\u00e7ais Langue \u00c9trang\u00e8re.\r\n\r\nCelles-ci vous permettent d\u2019am\u00e9liorer votre <strong>niveau de langue<\/strong> afin d\u2019interagir avec les francophones.\r\n\r\n<strong>Apprendre le fran\u00e7ais<\/strong> est aussi utile pour \u00eatre \u00e0 l\u2019aise dans des contextes divers. Les exercices peuvent ainsi inclure :\r\n<ul>\r\n \t<li>La communication avec les natifs de France, de Suisse, Luxembourg, de Belgique ou du Maghreb dans des situations quotidiennes. L\u2019expression orale au quotidien est souvent informelle, avec des expressions idiomatiques et des termes familiers. L\u2019accompagnement aide alors \u00e0 se familiariser avec cette mani\u00e8re de parler plus d\u00e9contract\u00e9e, \u00e0 travers des activit\u00e9s pratiques comme les mises en situation,<\/li>\r\n \t<li>Les \u00e9changes avec les francophones. Cela implique de parler couramment le \u201cfrench lang\u201d avec des natifs ou des coll\u00e8gues dans un cadre informel, tout en \u00e9tant capable de comprendre et d\u2019exprimer vos id\u00e9es de fa\u00e7on claire.<\/li>\r\n<\/ul>\r\nLes s\u00e9ances peuvent se faire \u00e0 distance, via des sites de formation linguistique, \u00e0 domicile de mani\u00e8re individuelle, en stage intensif, ou encore en ateliers de groupes. Dans tous les cas, les professeurs mettent \u00e0 votre disposition les ressources, les outils et les enseignements n\u00e9cessaires pour atteindre vos objectifs.\r\n\r\nPour les plateformes de mise en relation en ligne, v\u00e9rifiez les avis laiss\u00e9s par d\u2019anciens \u00e9l\u00e8ves pour choisir votre prof particulier.\r\n<h3>Sp\u00e9cialisation pour des domaines professionnels<\/h3>\r\nLe fran\u00e7ais sp\u00e9cialis\u00e9 est requis dans des secteurs o\u00f9 il constitue un outil central, comme le domaine juridique, m\u00e9dical ou commercial. Dans ce cas-l\u00e0, les cours peuvent \u00eatre orient\u00e9s vers des objectifs pr\u00e9cis, comme la r\u00e9daction de rapports professionnels ou la compr\u00e9hension de textes sp\u00e9cialis\u00e9s. Ils vous aident aussi \u00e0 :\r\n<ul>\r\n \t<li><strong>Am\u00e9liorer votre vocabulaire<\/strong> technique, \u00e0 assimiler des termes sp\u00e9cifiques \u00e0 un domaine donn\u00e9 pour communiquer de mani\u00e8re plus professionnelle et pr\u00e9cise. Cela se fait \u00e0 travers des exos cibl\u00e9s, des \u00e9tudes de cas et des mises en situation r\u00e9alistes,<\/li>\r\n \t<li>R\u00e9diger des documents officiels et administratifs. Vous pouvez r\u00e9diger des courriers administratifs et professionnels adress\u00e9s \u00e0 une institution, une demande officielle, ou une r\u00e9clamation, qui n\u00e9cessitent de respecter des tournures sp\u00e9cifiques, et d\u2019utiliser un ton formel. Cela implique donc de conna\u00eetre les formules de politesse ad\u00e9quates, ainsi que la structure des documents,<\/li>\r\n \t<li>R\u00e9diger les documents juridiques courants. Certains professionnels doivent comprendre et r\u00e9diger des documents officiels comme les conditions g\u00e9n\u00e9rales, les conventions ou les correspondances institutionnelles. Un travail sur la terminologie et la clart\u00e9 r\u00e9dactionnelle permet d\u2019\u00e9viter les impr\u00e9cisions et de mieux interpr\u00e9ter ces textes.<\/li>\r\n<\/ul>\r\nDans le milieu professionnel, vous pourriez aussi \u00eatre amen\u00e9 \u00e0 r\u00e9diger des rapports et des comptes rendus.\r\n\r\nLe professeur vous apprend \u00e0 produire des documents \u00e9crits clairs, concis et structur\u00e9s, mais surtout qui respectent les r\u00e8gles syntaxiques. Il vous enseigne comment organiser les id\u00e9es de mani\u00e8re logique, hi\u00e9rarchiser les informations, et utiliser un style adapt\u00e9.\r\n\r\nFaut-il choisir des <a href=\"https:\/\/cours-particuliers.com\/cours-de-francais-a-domicile-ou-en-ligne\/\">cours de fran\u00e7ais en ligne ou \u00e0 domicile<\/a> ?\r\n<h2>Des cours de fran\u00e7ais pour soutenir un projet professionnel ou acad\u00e9mique<\/h2>\r\nLa <strong>ma\u00eetrise du fran\u00e7ais<\/strong> est un atout dans de nombreux milieux professionnels et acad\u00e9miques, notamment pour les non-natifs.\r\n\r\n[caption id=\"attachment_199050\" align=\"aligncenter\" width=\"1024\"]<img class=\"size-large wp-image-199050\" src=\"https:\/\/cours-particuliers.com\/wp-content\/uploads\/2025\/03\/fille-travail-ordinateur-cafe-1024x683.jpg\" alt=\"Une jolie femme travaille derri\u00e8re une grande vitre dans un bar lumineux.\" width=\"1024\" height=\"683\"> Gr\u00e2ce \u00e0 un prof de fran\u00e7ais exp\u00e9riment\u00e9, vous pourriez donner un grand coup de boost \u00e0 votre carri\u00e8re ![\/caption]\r\n<h3>Int\u00e9grer un \u00e9tablissement acad\u00e9mique<\/h3>\r\nPour les \u00e9l\u00e8ves internationaux, l\u2019<strong>apprentissage de la langue fran\u00e7aise<\/strong> est souvent indispensable pour int\u00e9grer une universit\u00e9 ou une grande \u00e9cole de France. En outre, les certifications dans cet idiome sont souvent des pr\u00e9requis pour \u00eatre admis dans ces \u00e9tablissements.\r\n<h3>Dans le cadre de la recherche acad\u00e9mique<\/h3>\r\nPour une th\u00e8se ou un projet de recherche, la qualit\u00e9 de la r\u00e9daction est un crit\u00e8re essentiel pour la publication d\u2019articles et la soutenance des travaux scientifiques. L\u2019accompagnement d\u2019un prof aide ainsi les chercheurs et les doctorants \u00e0 :\r\n<ul>\r\n \t<li>Structurer leurs \u00e9crits acad\u00e9miques, en respectant les conventions propres \u00e0 ces travaux,<\/li>\r\n \t<li>\u00c9viter les erreurs de langage, pour une r\u00e9daction fluide et professionnelle.<\/li>\r\n<\/ul>\r\nLe soutien d\u2019un <strong>professeur particulier<\/strong> vous aide aussi \u00e0 am\u00e9liorer l\u2019expression orale, sp\u00e9cifiquement pour les colloques ou les conf\u00e9rences. Cela permet de gagner en aisance, en confiance en vous, et de renforcer la cr\u00e9dibilit\u00e9 des travaux aupr\u00e8s des pairs et des comit\u00e9s de lecture.\r\n<h3>\u00c9voluer professionnellement<\/h3>\r\nUn bon niveau linguistique peut \u00eatre un levier de progression pour acc\u00e9der \u00e0 de meilleures opportunit\u00e9s. Am\u00e9liorer la communication orale permet par exemple d\u2019\u00eatre plus \u00e0 l\u2019aise lors des r\u00e9unions, pr\u00e9sentations ou n\u00e9gociations. Le renforcement des comp\u00e9tences \u00e9crites permet de r\u00e9diger des e-mails ou des rapports avec clart\u00e9 et professionnalisme.\r\n\r\nIl existe des plateformes sur lesquelles vous pouvez apprendre gratuitement les langues. Les MOOCS, par exemple, proposent des cours gratuits que tout le monde peut suivre. Toutefois, si vous souhaitez un accompagnement complet et sur mesure suivant vos objectifs sp\u00e9cifiques, le mieux est de vous orienter vers les <a href=\"https:\/\/www.superprof.fr\/cours\/francais\/france\/\">cours de soutien en fran\u00e7ais<\/a> d'un prof particulier.\r\n\r\nSur les plateformes comme Superprof, vous pouvez choisir le profil qui est le plus \u00e0 m\u00eame de vous accompagner, parmi la multitude de profs qualifi\u00e9s. Avec l\u2019option face \u00e0 face ou par webcam, vous pouvez vous arranger avec le prof concernant l\u2019emploi du temps, selon votre disponibilit\u00e9 durant la semaine."},"excerpt":{"rendered":"<p>Les cours particuliers en ligne ou \u00e0 domicile sont particuli\u00e8rement utiles pour renforcer la ma\u00eetrise<\/p>\n","protected":false},"author":2,"featured_media":2477,"comment_status":"closed","ping_status":"open","sticky":false,"template":"","format":"standard","meta":{"_seopress_robots_primary_cat":"","_seopress_titles_title":"","_seopress_titles_desc":"","_seopress_robots_index":"","footnotes":""},"categories":[18],"tags":[],"class_list":["post-2405","post","type-post","status-publish","format-standard","has-post-thumbnail","hentry","category-francais"],"_links":{"self":[{"href":"https:\/\/cours-particuliers.com\/ag_api\/wp\/v2\/posts\/2405","targetHints":{"allow":["GET"]}}],"collection":[{"href":"https:\/\/cours-particuliers.com\/ag_api\/wp\/v2\/posts"}],"about":[{"href":"https:\/\/cours-particuliers.com\/ag_api\/wp\/v2\/types\/post"}],"author":[{"embeddable":true,"href":"https:\/\/cours-particuliers.com\/ag_api\/wp\/v2\/users\/2"}],"replies":[{"embeddable":true,"href":"https:\/\/cours-particuliers.com\/ag_api\/wp\/v2\/comments?post=2405"}],"version-history":[{"count":4,"href":"https:\/\/cours-particuliers.com\/ag_api\/wp\/v2\/posts\/2405\/revisions"}],"predecessor-version":[{"id":2592,"href":"https:\/\/cours-particuliers.com\/ag_api\/wp\/v2\/posts\/2405\/revisions\/2592"}],"wp:featuredmedia":[{"embeddable":true,"href":"https:\/\/cours-particuliers.com\/ag_api\/wp\/v2\/media\/2477"}],"wp:attachment":[{"href":"https:\/\/cours-particuliers.com\/ag_api\/wp\/v2\/media?parent=2405"}],"wp:term":[{"taxonomy":"category","embeddable":true,"href":"https:\/\/cours-particuliers.com\/ag_api\/wp\/v2\/categories?post=2405"},{"taxonomy":"post_tag","embeddable":true,"href":"https:\/\/cours-particuliers.com\/ag_api\/wp\/v2\/tags?post=2405"}],"curies":[{"name":"wp","href":"https:\/\/api.w.org\/{rel}","templated":true}]}}