{"id":3461,"date":"2025-12-05T11:08:29","date_gmt":"2025-12-05T10:08:29","guid":{"rendered":"https:\/\/cours-particuliers.com\/dates-importantes-baccalaureat\/"},"modified":"2025-12-22T11:30:23","modified_gmt":"2025-12-22T10:30:23","slug":"dates-importantes-baccalaureat","status":"publish","type":"post","link":"https:\/\/cours-particuliers.com\/dates-importantes-baccalaureat\/","title":{"rendered":"Quelles sont les dates du bac 2026 ?"},"content":{"rendered":"<div id=\"ez-toc-container\" class=\"ez-toc-v2_0_67_1 counter-hierarchy ez-toc-counter ez-toc-grey ez-toc-container-direction\">\n<div class=\"ez-toc-title-container\">\n<p class=\"ez-toc-title \" >A lire dans cet article :<\/p>\n<span class=\"ez-toc-title-toggle\"><a href=\"#\" class=\"ez-toc-pull-right ez-toc-btn ez-toc-btn-xs ez-toc-btn-default ez-toc-toggle\" aria-label=\"Toggle Table of Content\"><span class=\"ez-toc-js-icon-con\"><span class=\"\"><span class=\"eztoc-hide\" style=\"display:none;\">Toggle<\/span><span class=\"ez-toc-icon-toggle-span\"><svg style=\"fill: #999;color:#999\" xmlns=\"http:\/\/www.w3.org\/2000\/svg\" class=\"list-377408\" width=\"20px\" height=\"20px\" viewBox=\"0 0 24 24\" fill=\"none\"><path d=\"M6 6H4v2h2V6zm14 0H8v2h12V6zM4 11h2v2H4v-2zm16 0H8v2h12v-2zM4 16h2v2H4v-2zm16 0H8v2h12v-2z\" fill=\"currentColor\"><\/path><\/svg><svg style=\"fill: #999;color:#999\" class=\"arrow-unsorted-368013\" xmlns=\"http:\/\/www.w3.org\/2000\/svg\" width=\"10px\" height=\"10px\" viewBox=\"0 0 24 24\" version=\"1.2\" baseProfile=\"tiny\"><path d=\"M18.2 9.3l-6.2-6.3-6.2 6.3c-.2.2-.3.4-.3.7s.1.5.3.7c.2.2.4.3.7.3h11c.3 0 .5-.1.7-.3.2-.2.3-.5.3-.7s-.1-.5-.3-.7zM5.8 14.7l6.2 6.3 6.2-6.3c.2-.2.3-.5.3-.7s-.1-.5-.3-.7c-.2-.2-.4-.3-.7-.3h-11c-.3 0-.5.1-.7.3-.2.2-.3.5-.3.7s.1.5.3.7z\"\/><\/svg><\/span><\/span><\/span><\/a><\/span><\/div>\n<nav><ul class='ez-toc-list ez-toc-list-level-1 ' ><li class='ez-toc-page-1 ez-toc-heading-level-2'><a class=\"ez-toc-link ez-toc-heading-1\" href=\"https:\/\/cours-particuliers.com\/dates-importantes-baccalaureat\/#Les_dates_du_bac_general_et_technologique_2026\" title=\"Les dates du bac g\u00e9n\u00e9ral et technologique 2026\">Les dates du bac g\u00e9n\u00e9ral et technologique 2026<\/a><ul class='ez-toc-list-level-3' ><li class='ez-toc-heading-level-3'><a class=\"ez-toc-link ez-toc-heading-2\" href=\"https:\/\/cours-particuliers.com\/dates-importantes-baccalaureat\/#Examens_anticipes_de_1ere_francais_et_mathematiques\" title=\"Examens anticip\u00e9s de 1\u00e8re : fran\u00e7ais et math\u00e9matiques\">Examens anticip\u00e9s de 1\u00e8re : fran\u00e7ais et math\u00e9matiques<\/a><\/li><li class='ez-toc-page-1 ez-toc-heading-level-3'><a class=\"ez-toc-link ez-toc-heading-3\" href=\"https:\/\/cours-particuliers.com\/dates-importantes-baccalaureat\/#Examens_de_terminale_philosophie_specialites_et_Grand_oral\" title=\"Examens de terminale : philosophie, sp\u00e9cialit\u00e9s et Grand oral\">Examens de terminale : philosophie, sp\u00e9cialit\u00e9s et Grand oral<\/a><\/li><li class='ez-toc-page-1 ez-toc-heading-level-3'><a class=\"ez-toc-link ez-toc-heading-4\" href=\"https:\/\/cours-particuliers.com\/dates-importantes-baccalaureat\/#Specificites_des_filieres_technologiques\" title=\"Sp\u00e9cificit\u00e9s des fili\u00e8res technologiques\">Sp\u00e9cificit\u00e9s des fili\u00e8res technologiques<\/a><\/li><\/ul><\/li><li class='ez-toc-page-1 ez-toc-heading-level-2'><a class=\"ez-toc-link ez-toc-heading-5\" href=\"https:\/\/cours-particuliers.com\/dates-importantes-baccalaureat\/#Les_dates_du_bac_professionnel_2026\" title=\"Les dates du bac professionnel 2026\">Les dates du bac professionnel 2026<\/a><\/li><li class='ez-toc-page-1 ez-toc-heading-level-2'><a class=\"ez-toc-link ez-toc-heading-6\" href=\"https:\/\/cours-particuliers.com\/dates-importantes-baccalaureat\/#Resultats_et_rattrapages_du_baccalaureat_2026\" title=\"R\u00e9sultats et rattrapages du baccalaur\u00e9at 2026\">R\u00e9sultats et rattrapages du baccalaur\u00e9at 2026<\/a><ul class='ez-toc-list-level-3' ><li class='ez-toc-heading-level-3'><a class=\"ez-toc-link ez-toc-heading-7\" href=\"https:\/\/cours-particuliers.com\/dates-importantes-baccalaureat\/#Publication_des_resultats_2026\" title=\"Publication des r\u00e9sultats 2026\">Publication des r\u00e9sultats 2026<\/a><\/li><li class='ez-toc-page-1 ez-toc-heading-level-3'><a class=\"ez-toc-link ez-toc-heading-8\" href=\"https:\/\/cours-particuliers.com\/dates-importantes-baccalaureat\/#Session_de_rattrapage\" title=\"Session de rattrapage\">Session de rattrapage<\/a><\/li><li class='ez-toc-page-1 ez-toc-heading-level-3'><a class=\"ez-toc-link ez-toc-heading-9\" href=\"https:\/\/cours-particuliers.com\/dates-importantes-baccalaureat\/#Examens_de_remplacement_septembre_2026\" title=\"Examens de remplacement (septembre 2026)\">Examens de remplacement (septembre 2026)<\/a><\/li><\/ul><\/li><li class='ez-toc-page-1 ez-toc-heading-level-2'><a class=\"ez-toc-link ez-toc-heading-10\" href=\"https:\/\/cours-particuliers.com\/dates-importantes-baccalaureat\/#Les_dates_du_bac_2026_dans_les_centres_a_letranger\" title=\"Les dates du bac 2026 dans les centres \u00e0 l&rsquo;\u00e9tranger\">Les dates du bac 2026 dans les centres \u00e0 l&rsquo;\u00e9tranger<\/a><ul class='ez-toc-list-level-3' ><li class='ez-toc-heading-level-3'><a class=\"ez-toc-link ez-toc-heading-11\" href=\"https:\/\/cours-particuliers.com\/dates-importantes-baccalaureat\/#Groupe_1_Europe_Afrique_du_Nord_Proche-Orient\" title=\"Groupe 1 (Europe, Afrique du Nord, Proche-Orient)\">Groupe 1 (Europe, Afrique du Nord, Proche-Orient)<\/a><\/li><li class='ez-toc-page-1 ez-toc-heading-level-3'><a class=\"ez-toc-link ez-toc-heading-12\" href=\"https:\/\/cours-particuliers.com\/dates-importantes-baccalaureat\/#Groupe_2_Ameriques_Asie_Oceanie\" title=\"Groupe 2 (Am\u00e9riques, Asie, Oc\u00e9anie)\">Groupe 2 (Am\u00e9riques, Asie, Oc\u00e9anie)<\/a><\/li><\/ul><\/li><li class='ez-toc-page-1 ez-toc-heading-level-2'><a class=\"ez-toc-link ez-toc-heading-13\" href=\"https:\/\/cours-particuliers.com\/dates-importantes-baccalaureat\/#Comment_bien_preparer_le_bac_2026\" title=\"Comment bien pr\u00e9parer le bac 2026 ?\">Comment bien pr\u00e9parer le bac 2026 ?<\/a><ul class='ez-toc-list-level-3' ><li class='ez-toc-heading-level-3'><a class=\"ez-toc-link ez-toc-heading-14\" href=\"https:\/\/cours-particuliers.com\/dates-importantes-baccalaureat\/#Bien_planifier_ses_revisions\" title=\"Bien planifier ses r\u00e9visions\">Bien planifier ses r\u00e9visions<\/a><\/li><li class='ez-toc-page-1 ez-toc-heading-level-3'><a class=\"ez-toc-link ez-toc-heading-15\" href=\"https:\/\/cours-particuliers.com\/dates-importantes-baccalaureat\/#Sentrainer_sur_les_formats_dexamen\" title=\"S&rsquo;entra\u00eener sur les formats d&rsquo;examen\">S&rsquo;entra\u00eener sur les formats d&rsquo;examen<\/a><\/li><\/ul><\/li><\/ul><\/nav><\/div>\n<p>Le compte \u00e0 rebours a commenc\u00e9. Dans quelques mois, pr\u00e8s de 700 000 candidats passeront leurs \u00e9preuves terminales du baccalaur\u00e9at, ce rituel de passage qui marque la fin du lyc\u00e9e et l&rsquo;entr\u00e9e dans la vie \u00e9tudiante. Que vous soyez en classe de Premi\u00e8re ou de Terminale, conna\u00eetre les \u00e9ch\u00e9ances officielles vous permettra d&rsquo;organiser vos r\u00e9visions avec m\u00e9thode et d&rsquo;aborder cette p\u00e9riode d\u00e9cisive sereinement.<\/p>\n<p>Pour la session 2026, le minist\u00e8re de l&rsquo;Education Nationale a introduit une nouveaut\u00e9 majeure : une \u00e9valuation anticip\u00e9e de math\u00e9matiques pour tous les \u00e9l\u00e8ves de 1\u00e8re g\u00e9n\u00e9rale.<\/p>\n<p>Dans cet article, retrouvez toutes les informations essentielles pour planifier votre ann\u00e9e : du premier jour des \u00e9preuves jusqu&rsquo;aux rattrapages de juillet. Pour une vue d&rsquo;ensemble incluant le brevet, consultez notre guide complet sur les <a href=\"https:\/\/cours-particuliers.com\/bac-brevet-dates-revisions\/\">dates du bac et du brevet 2026<\/a>.<\/p>\n<h2><span class=\"ez-toc-section\" id=\"Les_dates_du_bac_general_et_technologique_2026\"><\/span>Les dates du bac g\u00e9n\u00e9ral et technologique 2026<span class=\"ez-toc-section-end\"><\/span><\/h2>\n<figure id=\"attachment_199383\" aria-describedby=\"caption-attachment-199383\" style=\"width: 1024px\" class=\"wp-caption aligncenter\"><img loading=\"lazy\" decoding=\"async\" class=\"size-large wp-image-199383\" src=\"https:\/\/cours-particuliers.com\/wp-content\/uploads\/2025\/05\/calendrier-annee-2025-1024x683.webp\" alt=\"Vue d'un planning de l'ann\u00e9e 2026 sur une table orange pour organiser ses r\u00e9visions du bac.\" width=\"1024\" height=\"683\"><figcaption id=\"caption-attachment-199383\" class=\"wp-caption-text\">Anticipez bien les \u00e9ch\u00e9ances 2026, avec des r\u00e9visions d\u00e8s le mois d&rsquo;avril ou de mai !<\/figcaption><\/figure>\n<p>L&rsquo;essentiel \u00e0 retenir : les \u00e9valuations \u00e9crites se d\u00e9rouleront du <strong>jeudi 11 au jeudi 18 juin 2026<\/strong>. Les oraux s&rsquo;\u00e9taleront ensuite jusqu&rsquo;au 1er juillet.<\/p>\n<h3><span class=\"ez-toc-section\" id=\"Examens_anticipes_de_1ere_francais_et_mathematiques\"><\/span>Examens anticip\u00e9s de 1\u00e8re : fran\u00e7ais et math\u00e9matiques<span class=\"ez-toc-section-end\"><\/span><\/h3>\n<p>Grande nouveaut\u00e9 cette ann\u00e9e : l&rsquo;introduction d&rsquo;une \u00e9valuation anticip\u00e9e de maths pour la voie g\u00e9n\u00e9rale. Voici le programme pour les \u00e9l\u00e8ves de 1\u00e8re :<\/p>\n<p>Les <strong>\u00e9preuves \u00e9crites de fran\u00e7ais<\/strong> auront lieu le <strong>jeudi 11 juin 2026<\/strong>, de 8h \u00e0 12h. Une matin\u00e9e dense o\u00f9 vous devrez choisir entre le commentaire de texte et la dissertation.<\/p>\n<p>L&rsquo;\u00e9preuve \u00e9crite de math\u00e9matiques (nouveaut\u00e9 2026) se tiendra le <strong>vendredi 12 juin 2026<\/strong>, avec une dur\u00e9e de 2 heures. Cette nouveaut\u00e9 concerne uniquement la fili\u00e8re g\u00e9n\u00e9rale.<\/p>\n<p>L&rsquo;oral de fran\u00e7ais, lui, sera organis\u00e9 par chaque acad\u00e9mie entre le <strong>lundi 22 juin et le mercredi 1er juillet 2026<\/strong>.<\/p>\n<p>Pour optimiser vos chances de r\u00e9ussite \u00e0 l&rsquo;\u00e9crit comme \u00e0 l&rsquo;oral, d\u00e9couvrez nos <a href=\"https:\/\/cours-particuliers.com\/conseils-revision-bac-francais\/\">conseils de r\u00e9vision du bac de fran\u00e7ais<\/a>.<\/p>\n<h3><span class=\"ez-toc-section\" id=\"Examens_de_terminale_philosophie_specialites_et_Grand_oral\"><\/span>Examens de terminale : philosophie, sp\u00e9cialit\u00e9s et Grand oral<span class=\"ez-toc-section-end\"><\/span><\/h3>\n<p>Pour les \u00e9l\u00e8ves de Terminale, voici les moments cl\u00e9s \u00e0 noter dans votre agenda :<\/p>\n<p>Comme d&rsquo;habitude, la philosophie ouvrira le bal le lundi 15 juin 2026, de 8h \u00e0 12h. Quatre heures pour disserter sur les grandes questions de l&rsquo;existence, comme l&rsquo;ont fait des g\u00e9n\u00e9rations avant vous.<\/p>\n<p>Les enseignements de sp\u00e9cialit\u00e9 se d\u00e9rouleront sur trois jours : mardi 16, mercredi 17 et jeudi 18 juin 2026. Chaque candidat passera deux mati\u00e8res, une par jour.<\/p>\n<p>Le Grand oral cl\u00f4turera cette p\u00e9riode intensive, entre le lundi 22 juin et le mercredi 1er juillet 2026. Vingt minutes pour d\u00e9fendre votre projet devant un jury et d\u00e9montrer votre capacit\u00e9 d&rsquo;argumentation.<\/p>\n<h3><span class=\"ez-toc-section\" id=\"Specificites_des_filieres_technologiques\"><\/span>Sp\u00e9cificit\u00e9s des fili\u00e8res technologiques<span class=\"ez-toc-section-end\"><\/span><\/h3>\n<p>Les s\u00e9ries technologiques (ST2S, STL, STD2A, STI2D, STMG, STHR, S2TMD) suivent un calendrier l\u00e9g\u00e8rement diff\u00e9rent pour leurs <strong>enseignements de sp\u00e9cialit\u00e9<\/strong>. Les \u00e9valuations auront lieu l&rsquo;apr\u00e8s-midi, g\u00e9n\u00e9ralement de 14h \u00e0 18h selon les mati\u00e8res :<\/p>\n<p>Pour la s\u00e9rie ST2S, la chimie, biologie et physiopathologie humaines se tiendra le mardi 17 juin 2026. Les sciences et techniques sanitaires et sociales suivront le mercredi 18 juin 2026.<\/p>\n<p>Pour la s\u00e9rie STMG, le management, sciences de gestion et num\u00e9rique est programm\u00e9 le mardi 17 juin 2026, suivi du droit et \u00e9conomie le mercredi 18 juin 2026.<\/p>\n<p>Les autres s\u00e9ries (STL, STD2A, STI2D, STHR, S2TMD) suivent une organisation similaire sur ces deux journ\u00e9es, avec les \u00e9valuations pratiques fix\u00e9es au mercredi 18 juin 2026 pour le design et les m\u00e9tiers d&rsquo;art.<\/p>\n<div style=\"background-color: #e8f5e9; border-left: 4px solid #4caf50; padding: 20px; margin: 25px 0;\">\n<p><strong>Pr\u00eat \u00e0 maximiser vos chances de r\u00e9ussite ?<\/strong><\/p>\n<p>Un accompagnement personnalis\u00e9 peut faire toute la diff\u00e9rence dans votre pr\u00e9paration. Un <a style=\"color: #4caf50; font-weight: bold;\" href=\"https:\/\/www.superprof.fr\/cours\/soutien-scolaire\/france\/\">prof de soutien scolaire adapt\u00e9<\/a> vous permet de b\u00e9n\u00e9ficier d&rsquo;un suivi adapt\u00e9 \u00e0 vos besoins.<\/p>\n<\/div>\n<h2><span class=\"ez-toc-section\" id=\"Les_dates_du_bac_professionnel_2026\"><\/span>Les dates du bac professionnel 2026<span class=\"ez-toc-section-end\"><\/span><\/h2>\n<p>L&rsquo;organisation des \u00e9preuves pour la voie professionnelle diff\u00e8re sensiblement des fili\u00e8res g\u00e9n\u00e9rales et technologiques. Les \u00e9valuations d\u00e9butent plus t\u00f4t, d\u00e8s le mois de mai.<\/p>\n<p>Voici les moments cl\u00e9s \u00e0 retenir pour la session 2026 :<\/p>\n<p>La langue vivante A ouvrira la p\u00e9riode le mercredi 20 mai 2026. Dans la mesure du possible, les parties \u00e9crite et orale se d\u00e9rouleront le m\u00eame jour.<\/p>\n<p>Le fran\u00e7ais, l&rsquo;histoire-g\u00e9ographie et l&rsquo;enseignement moral et civique sont programm\u00e9s le jeudi 28 mai 2026.<\/p>\n<p>Les arts appliqu\u00e9s et cultures artistiques, ainsi que l&rsquo;\u00e9conomie-droit ou \u00e9conomie-gestion, auront lieu le vendredi 29 mai 2026.<\/p>\n<p>Enfin, l&rsquo;exam de pr\u00e9vention, sant\u00e9 et environnement cl\u00f4turera cette s\u00e9rie le jeudi 25 juin 2026.<\/p>\n<p>Les \u00e9valuations pratiques sont organis\u00e9es selon un planning sp\u00e9cifique \u00e0 chaque sp\u00e9cialit\u00e9 et \u00e9tablissement. Elles se d\u00e9roulent g\u00e9n\u00e9ralement entre d\u00e9but juin et fin juin 2026.<\/p>\n<p>L&rsquo;\u00e9preuve orale de projet est pr\u00e9vue \u00e0 partir du <strong>jeudi 26 juin 2026<\/strong>, selon les acad\u00e9mies.<\/p>\n<h2><span class=\"ez-toc-section\" id=\"Resultats_et_rattrapages_du_baccalaureat_2026\"><\/span>R\u00e9sultats et rattrapages du baccalaur\u00e9at 2026<span class=\"ez-toc-section-end\"><\/span><\/h2>\n<p>Si vous n&rsquo;obtenez pas la moyenne ou que vous avez manqu\u00e9 une \u00e9preuve lors de la premi\u00e8re session, des solutions de rattrapage existent.<\/p>\n<figure id=\"attachment_199379\" aria-describedby=\"caption-attachment-199379\" style=\"width: 1024px\" class=\"wp-caption aligncenter\"><img loading=\"lazy\" decoding=\"async\" class=\"size-large wp-image-199379\" src=\"https:\/\/cours-particuliers.com\/wp-content\/uploads\/2025\/05\/tables-chaises-examen-1024x683.webp\" alt=\"Vue d'une salle d'examen vide, avec du mobilier scolaire pr\u00eat pour les candidats.\" width=\"1024\" height=\"683\"><figcaption id=\"caption-attachment-199379\" class=\"wp-caption-text\">R\u00e8gle d&rsquo;or : ne faites aucune impasse sur aucune mati\u00e8re !<\/figcaption><\/figure>\n<h3><span class=\"ez-toc-section\" id=\"Publication_des_resultats_2026\"><\/span>Publication des r\u00e9sultats 2026<span class=\"ez-toc-section-end\"><\/span><\/h3>\n<p>Les r\u00e9sultats seront communiqu\u00e9s \u00e0 partir du <strong>mardi 7 juillet 2026<\/strong> pour toutes les fili\u00e8res (g\u00e9n\u00e9rale, technologique et professionnelle).<\/p>\n<p>Les candidats et leurs parents peuvent consulter le verdict en ligne sur le site Cyclades, ou sur place dans les \u00e9tablissements. Pour acc\u00e9der aux r\u00e9sultats, vous devrez g\u00e9n\u00e9ralement saisir votre num\u00e9ro de candidat ou votre nom de famille. Les plateformes comme Studyrama ou L&rsquo;\u00c9tudiant relaient \u00e9galement les informations.<\/p>\n<p>Si vous obtenez une moyenne g\u00e9n\u00e9rale entre 8 et 10 sur 20, vous pouvez vous pr\u00e9senter aux oraux du second groupe.<\/p>\n<h3><span class=\"ez-toc-section\" id=\"Session_de_rattrapage\"><\/span>Session de rattrapage<span class=\"ez-toc-section-end\"><\/span><\/h3>\n<p>Les rattrapages se tiendront du <strong>mardi 7 au vendredi 10 juillet 2026<\/strong> (au plus tard vendredi midi).<\/p>\n<p>Le principe : vous choisissez deux mati\u00e8res parmi celles pass\u00e9es \u00e0 l&rsquo;\u00e9crit et les repassez \u00e0 l&rsquo;oral. Chaque oral dure 40 minutes (20 minutes de pr\u00e9paration, 20 minutes de passage). Si vos notes aux oraux sont sup\u00e9rieures aux notes initiales, elles remplacent ces derni\u00e8res.<\/p>\n<h3><span class=\"ez-toc-section\" id=\"Examens_de_remplacement_septembre_2026\"><\/span>Examens de remplacement (septembre 2026)<span class=\"ez-toc-section-end\"><\/span><\/h3>\n<p>Les \u00e9valuations de remplacement s&rsquo;adressent aux candidats qui n&rsquo;ont pas pu se pr\u00e9senter pour une raison justifi\u00e9e (probl\u00e8me m\u00e9dical, d\u00e9c\u00e8s d&rsquo;un proche).<\/p>\n<p>Pour les fili\u00e8res g\u00e9n\u00e9rale et technologique, les examens \u00e9crits de remplacement se d\u00e9rouleront du <strong>lundi 7 au jeudi 10 septembre 2026<\/strong>.<\/p>\n<p>L&rsquo;\u00e9preuve anticip\u00e9e de langue fran\u00e7aise est fix\u00e9e au <strong>jeudi 10 septembre 2026<\/strong>. Celle de maths se tiendra le <strong>vendredi 11 septembre 2026<\/strong>.<\/p>\n<div style=\"background-color: #fff9e6; border-left: 4px solid #ffc107; padding: 20px; margin: 25px 0;\">\n<p><strong>\u2705 Bon r\u00e9flexe<\/strong><\/p>\n<p>En parall\u00e8le de la pr\u00e9paration aux examens, n&rsquo;oubliez pas de formuler vos v\u0153ux sur Parcoursup. La confirmation des v\u0153ux doit \u00eatre effectu\u00e9e avant le <strong>1er avril 2026<\/strong>. La phase principale d&rsquo;admission d\u00e9butera le 2 juin 2026.<\/p>\n<\/div>\n<h2><span class=\"ez-toc-section\" id=\"Les_dates_du_bac_2026_dans_les_centres_a_letranger\"><\/span>Les dates du bac 2026 dans les centres \u00e0 l&rsquo;\u00e9tranger<span class=\"ez-toc-section-end\"><\/span><\/h2>\n<p>Les candidats inscrits dans les \u00e9tablissements \u00e0 l&rsquo;\u00e9tranger suivent un calendrier l\u00e9g\u00e8rement d\u00e9cal\u00e9. Les acad\u00e9mies de rattachement sont r\u00e9parties en deux groupes.<\/p>\n<h3><span class=\"ez-toc-section\" id=\"Groupe_1_Europe_Afrique_du_Nord_Proche-Orient\"><\/span>Groupe 1 (Europe, Afrique du Nord, Proche-Orient)<span class=\"ez-toc-section-end\"><\/span><\/h3>\n<p>L&rsquo;examen de philosophie est fix\u00e9 au <strong>jeudi 11 juin 2026<\/strong>. Les \u00e9valuations \u00e9crites de sp\u00e9cialit\u00e9 se tiendront les <strong>mardi 10, jeudi 12 et vendredi 13 juin 2026<\/strong>. Chaque candidat est convoqu\u00e9 sur deux jours, avec un enseignement de sp\u00e9cialit\u00e9 par jour.<\/p>\n<p>Les examens anticip\u00e9s de langue fran\u00e7aise seront organis\u00e9s le <strong>jeudi 11 septembre 2026<\/strong>, qu&rsquo;ils soient pass\u00e9s au titre de la session 2026 ou par anticipation pour 2027.<\/p>\n<h3><span class=\"ez-toc-section\" id=\"Groupe_2_Ameriques_Asie_Oceanie\"><\/span>Groupe 2 (Am\u00e9riques, Asie, Oc\u00e9anie)<span class=\"ez-toc-section-end\"><\/span><\/h3>\n<p>Le programme des examens obligatoires est d\u00e9termin\u00e9 par le recteur de l&rsquo;acad\u00e9mie de rattachement, sur proposition des services de coop\u00e9ration et d&rsquo;action culturelle des ambassades.<\/p>\n<p>L&rsquo;\u00e9valuation des comp\u00e9tences exp\u00e9rimentales (physique-chimie, SVT, biologie, \u00e9cologie) sera d\u00e9finie dans une note de service ult\u00e9rieure du minist\u00e8re.<\/p>\n<p>Vous \u00eates en 3\u00e8me ? Consultez les <a href=\"https:\/\/cours-particuliers.com\/dates-importantes-brevet\/\">dates du brevet 2026<\/a> !<\/p>\n<h2><span class=\"ez-toc-section\" id=\"Comment_bien_preparer_le_bac_2026\"><\/span>Comment bien pr\u00e9parer le bac 2026 ?<span class=\"ez-toc-section-end\"><\/span><\/h2>\n<p>La pr\u00e9paration demande une organisation rigoureuse. Maintenant que vous connaissez les \u00e9ch\u00e9ances, voici comment structurer vos r\u00e9visions.<\/p>\n<figure id=\"attachment_199380\" aria-describedby=\"caption-attachment-199380\" style=\"width: 1024px\" class=\"wp-caption aligncenter\"><img loading=\"lazy\" decoding=\"async\" class=\"size-large wp-image-199380\" src=\"https:\/\/cours-particuliers.com\/wp-content\/uploads\/2025\/05\/etudiants-revisions-herbe-1024x683.webp\" alt=\"Deux jeunes femmes r\u00e9visent en souriant sur une pelouse au printemps.\" width=\"1024\" height=\"683\"><figcaption id=\"caption-attachment-199380\" class=\"wp-caption-text\">L&rsquo;\u00e9ch\u00e9ance symbolise aussi un \u00e9t\u00e9 souvent inoubliable, un rite de passage vers la libert\u00e9 !<\/figcaption><\/figure>\n<h3><span class=\"ez-toc-section\" id=\"Bien_planifier_ses_revisions\"><\/span>Bien planifier ses r\u00e9visions<span class=\"ez-toc-section-end\"><\/span><\/h3>\n<p>Pour r\u00e9viser efficacement votre baccalaur\u00e9at, \u00e9tablissez un planning r\u00e9aliste en alternant les mati\u00e8res. Commencez par identifier vos points faibles et consacrez-leur davantage de temps. La r\u00e9p\u00e9tition espac\u00e9e, une technique qui consiste \u00e0 r\u00e9viser \u00e0 intervalles croissants, s&rsquo;av\u00e8re particuli\u00e8rement efficace pour ancrer les connaissances.<\/p>\n<p>Suivre l&rsquo;actualit\u00e9 est indispensable, notamment pour les sciences \u00e9conomiques et sociales, l&rsquo;histoire-g\u00e9ographie ou la philosophie. Des publications comme Le Monde ou Philosophie Magazine vous aideront \u00e0 nourrir votre r\u00e9flexion.<\/p>\n<p>Pour des conseils d\u00e9taill\u00e9s mati\u00e8re par mati\u00e8re, consultez notre guide complet : <a href=\"https:\/\/cours-particuliers.com\/conseils-revision-bac\/\">Bac 2026 : r\u00e9viser le fran\u00e7ais, la philo, le Grand Oral et les sp\u00e9cialit\u00e9s<\/a>.<\/p>\n<h3><span class=\"ez-toc-section\" id=\"Sentrainer_sur_les_formats_dexamen\"><\/span>S&rsquo;entra\u00eener sur les formats d&rsquo;examen<span class=\"ez-toc-section-end\"><\/span><\/h3>\n<p>Prenez le temps de vous familiariser avec les modalit\u00e9s de chaque \u00e9valuation. Le Grand oral demande une posture claire et une bonne capacit\u00e9 d&rsquo;argumentation. Les examens anticip\u00e9s de fran\u00e7ais n\u00e9cessitent une solide ma\u00eetrise des textes au programme.<\/p>\n<p>Entra\u00eenez-vous r\u00e9guli\u00e8rement sur des sujets types gr\u00e2ce aux annales corrig\u00e9es. Des applications comme D\u00e9fiBac quiz ou Mobibac peuvent compl\u00e9ter utilement vos r\u00e9visions.<\/p>\n<div style=\"background-color: #e8f5e9; border-left: 4px solid #4caf50; padding: 20px; margin: 25px 0;\">\n<p><strong>\ud83d\udca1 Conseil<\/strong><\/p>\n<p>Un accompagnement personnalis\u00e9 peut faire une r\u00e9elle diff\u00e9rence. Les stages intensifs ou le soutien scolaire avec un professeur particulier permettent de lever les blocages et de r\u00e9viser \u00e0 votre rythme. Superprof propose des enseignants dipl\u00f4m\u00e9s pour toutes les mati\u00e8res.<\/p>\n<\/div>\n","_raw":"Le compte \u00e0 rebours a commenc\u00e9. Dans quelques mois, pr\u00e8s de 700 000 candidats passeront leurs \u00e9preuves terminales du baccalaur\u00e9at, ce rituel de passage qui marque la fin du lyc\u00e9e et l'entr\u00e9e dans la vie \u00e9tudiante. Que vous soyez en classe de Premi\u00e8re ou de Terminale, conna\u00eetre les \u00e9ch\u00e9ances officielles vous permettra d'organiser vos r\u00e9visions avec m\u00e9thode et d'aborder cette p\u00e9riode d\u00e9cisive sereinement.\r\n\r\nPour la session 2026, le minist\u00e8re de l'Education Nationale a introduit une nouveaut\u00e9 majeure : une \u00e9valuation anticip\u00e9e de math\u00e9matiques pour tous les \u00e9l\u00e8ves de 1\u00e8re g\u00e9n\u00e9rale.\r\n\r\nDans cet article, retrouvez toutes les informations essentielles pour planifier votre ann\u00e9e : du premier jour des \u00e9preuves jusqu'aux rattrapages de juillet. Pour une vue d'ensemble incluant le brevet, consultez notre guide complet sur les <a href=\"https:\/\/cours-particuliers.com\/bac-brevet-dates-revisions\/\">dates du bac et du brevet 2026<\/a>.\r\n<h2>Les dates du bac g\u00e9n\u00e9ral et technologique 2026<\/h2>\r\n[caption id=\"attachment_199383\" align=\"aligncenter\" width=\"1024\"]<img class=\"size-large wp-image-199383\" src=\"https:\/\/cours-particuliers.com\/wp-content\/uploads\/2025\/05\/calendrier-annee-2025-1024x683.webp\" alt=\"Vue d'un planning de l'ann\u00e9e 2026 sur une table orange pour organiser ses r\u00e9visions du bac.\" width=\"1024\" height=\"683\"> Anticipez bien les \u00e9ch\u00e9ances 2026, avec des r\u00e9visions d\u00e8s le mois d'avril ou de mai ![\/caption]\r\n\r\nL'essentiel \u00e0 retenir : les \u00e9valuations \u00e9crites se d\u00e9rouleront du <strong>jeudi 11 au jeudi 18 juin 2026<\/strong>. Les oraux s'\u00e9taleront ensuite jusqu'au 1er juillet.\r\n<h3>Examens anticip\u00e9s de 1\u00e8re : fran\u00e7ais et math\u00e9matiques<\/h3>\r\nGrande nouveaut\u00e9 cette ann\u00e9e : l'introduction d'une \u00e9valuation anticip\u00e9e de maths pour la voie g\u00e9n\u00e9rale. Voici le programme pour les \u00e9l\u00e8ves de 1\u00e8re :\r\n\r\nLes <strong>\u00e9preuves \u00e9crites de fran\u00e7ais<\/strong> auront lieu le <strong>jeudi 11 juin 2026<\/strong>, de 8h \u00e0 12h. Une matin\u00e9e dense o\u00f9 vous devrez choisir entre le commentaire de texte et la dissertation.\r\n\r\nL'\u00e9preuve \u00e9crite de math\u00e9matiques (nouveaut\u00e9 2026) se tiendra le <strong>vendredi 12 juin 2026<\/strong>, avec une dur\u00e9e de 2 heures. Cette nouveaut\u00e9 concerne uniquement la fili\u00e8re g\u00e9n\u00e9rale.\r\n\r\nL'oral de fran\u00e7ais, lui, sera organis\u00e9 par chaque acad\u00e9mie entre le <strong>lundi 22 juin et le mercredi 1er juillet 2026<\/strong>.\r\n\r\nPour optimiser vos chances de r\u00e9ussite \u00e0 l'\u00e9crit comme \u00e0 l'oral, d\u00e9couvrez nos <a href=\"https:\/\/cours-particuliers.com\/conseils-revision-bac-francais\/\">conseils de r\u00e9vision du bac de fran\u00e7ais<\/a>.\r\n<h3>Examens de terminale : philosophie, sp\u00e9cialit\u00e9s et Grand oral<\/h3>\r\nPour les \u00e9l\u00e8ves de Terminale, voici les moments cl\u00e9s \u00e0 noter dans votre agenda :\r\n\r\nComme d'habitude, la philosophie ouvrira le bal le lundi 15 juin 2026, de 8h \u00e0 12h. Quatre heures pour disserter sur les grandes questions de l'existence, comme l'ont fait des g\u00e9n\u00e9rations avant vous.\r\n\r\nLes enseignements de sp\u00e9cialit\u00e9 se d\u00e9rouleront sur trois jours : mardi 16, mercredi 17 et jeudi 18 juin 2026. Chaque candidat passera deux mati\u00e8res, une par jour.\r\n\r\nLe Grand oral cl\u00f4turera cette p\u00e9riode intensive, entre le lundi 22 juin et le mercredi 1er juillet 2026. Vingt minutes pour d\u00e9fendre votre projet devant un jury et d\u00e9montrer votre capacit\u00e9 d'argumentation.\r\n<h3>Sp\u00e9cificit\u00e9s des fili\u00e8res technologiques<\/h3>\r\nLes s\u00e9ries technologiques (ST2S, STL, STD2A, STI2D, STMG, STHR, S2TMD) suivent un calendrier l\u00e9g\u00e8rement diff\u00e9rent pour leurs <strong>enseignements de sp\u00e9cialit\u00e9<\/strong>. Les \u00e9valuations auront lieu l'apr\u00e8s-midi, g\u00e9n\u00e9ralement de 14h \u00e0 18h selon les mati\u00e8res :\r\n\r\nPour la s\u00e9rie ST2S, la chimie, biologie et physiopathologie humaines se tiendra le mardi 17 juin 2026. Les sciences et techniques sanitaires et sociales suivront le mercredi 18 juin 2026.\r\n\r\nPour la s\u00e9rie STMG, le management, sciences de gestion et num\u00e9rique est programm\u00e9 le mardi 17 juin 2026, suivi du droit et \u00e9conomie le mercredi 18 juin 2026.\r\n\r\nLes autres s\u00e9ries (STL, STD2A, STI2D, STHR, S2TMD) suivent une organisation similaire sur ces deux journ\u00e9es, avec les \u00e9valuations pratiques fix\u00e9es au mercredi 18 juin 2026 pour le design et les m\u00e9tiers d'art.\r\n<div style=\"background-color: #e8f5e9; border-left: 4px solid #4caf50; padding: 20px; margin: 25px 0;\">\r\n\r\n<strong>Pr\u00eat \u00e0 maximiser vos chances de r\u00e9ussite ?<\/strong>\r\n\r\nUn accompagnement personnalis\u00e9 peut faire toute la diff\u00e9rence dans votre pr\u00e9paration. Un <a style=\"color: #4caf50; font-weight: bold;\" href=\"https:\/\/www.superprof.fr\/cours\/soutien-scolaire\/france\/\">prof de soutien scolaire adapt\u00e9<\/a> vous permet de b\u00e9n\u00e9ficier d'un suivi adapt\u00e9 \u00e0 vos besoins.\r\n\r\n<\/div>\r\n<h2>Les dates du bac professionnel 2026<\/h2>\r\nL'organisation des \u00e9preuves pour la voie professionnelle diff\u00e8re sensiblement des fili\u00e8res g\u00e9n\u00e9rales et technologiques. Les \u00e9valuations d\u00e9butent plus t\u00f4t, d\u00e8s le mois de mai.\r\n\r\nVoici les moments cl\u00e9s \u00e0 retenir pour la session 2026 :\r\n\r\nLa langue vivante A ouvrira la p\u00e9riode le mercredi 20 mai 2026. Dans la mesure du possible, les parties \u00e9crite et orale se d\u00e9rouleront le m\u00eame jour.\r\n\r\nLe fran\u00e7ais, l'histoire-g\u00e9ographie et l'enseignement moral et civique sont programm\u00e9s le jeudi 28 mai 2026.\r\n\r\nLes arts appliqu\u00e9s et cultures artistiques, ainsi que l'\u00e9conomie-droit ou \u00e9conomie-gestion, auront lieu le vendredi 29 mai 2026.\r\n\r\nEnfin, l'exam de pr\u00e9vention, sant\u00e9 et environnement cl\u00f4turera cette s\u00e9rie le jeudi 25 juin 2026.\r\n\r\nLes \u00e9valuations pratiques sont organis\u00e9es selon un planning sp\u00e9cifique \u00e0 chaque sp\u00e9cialit\u00e9 et \u00e9tablissement. Elles se d\u00e9roulent g\u00e9n\u00e9ralement entre d\u00e9but juin et fin juin 2026.\r\n\r\nL'\u00e9preuve orale de projet est pr\u00e9vue \u00e0 partir du <strong>jeudi 26 juin 2026<\/strong>, selon les acad\u00e9mies.\r\n<h2>R\u00e9sultats et rattrapages du baccalaur\u00e9at 2026<\/h2>\r\nSi vous n'obtenez pas la moyenne ou que vous avez manqu\u00e9 une \u00e9preuve lors de la premi\u00e8re session, des solutions de rattrapage existent.\r\n\r\n[caption id=\"attachment_199379\" align=\"aligncenter\" width=\"1024\"]<img class=\"size-large wp-image-199379\" src=\"https:\/\/cours-particuliers.com\/wp-content\/uploads\/2025\/05\/tables-chaises-examen-1024x683.webp\" alt=\"Vue d'une salle d'examen vide, avec du mobilier scolaire pr\u00eat pour les candidats.\" width=\"1024\" height=\"683\"> R\u00e8gle d'or : ne faites aucune impasse sur aucune mati\u00e8re ![\/caption]\r\n<h3>Publication des r\u00e9sultats 2026<\/h3>\r\nLes r\u00e9sultats seront communiqu\u00e9s \u00e0 partir du <strong>mardi 7 juillet 2026<\/strong> pour toutes les fili\u00e8res (g\u00e9n\u00e9rale, technologique et professionnelle).\r\n\r\nLes candidats et leurs parents peuvent consulter le verdict en ligne sur le site Cyclades, ou sur place dans les \u00e9tablissements. Pour acc\u00e9der aux r\u00e9sultats, vous devrez g\u00e9n\u00e9ralement saisir votre num\u00e9ro de candidat ou votre nom de famille. Les plateformes comme Studyrama ou L'\u00c9tudiant relaient \u00e9galement les informations.\r\n\r\nSi vous obtenez une moyenne g\u00e9n\u00e9rale entre 8 et 10 sur 20, vous pouvez vous pr\u00e9senter aux oraux du second groupe.\r\n<h3>Session de rattrapage<\/h3>\r\nLes rattrapages se tiendront du <strong>mardi 7 au vendredi 10 juillet 2026<\/strong> (au plus tard vendredi midi).\r\n\r\nLe principe : vous choisissez deux mati\u00e8res parmi celles pass\u00e9es \u00e0 l'\u00e9crit et les repassez \u00e0 l'oral. Chaque oral dure 40 minutes (20 minutes de pr\u00e9paration, 20 minutes de passage). Si vos notes aux oraux sont sup\u00e9rieures aux notes initiales, elles remplacent ces derni\u00e8res.\r\n<h3>Examens de remplacement (septembre 2026)<\/h3>\r\nLes \u00e9valuations de remplacement s'adressent aux candidats qui n'ont pas pu se pr\u00e9senter pour une raison justifi\u00e9e (probl\u00e8me m\u00e9dical, d\u00e9c\u00e8s d'un proche).\r\n\r\nPour les fili\u00e8res g\u00e9n\u00e9rale et technologique, les examens \u00e9crits de remplacement se d\u00e9rouleront du <strong>lundi 7 au jeudi 10 septembre 2026<\/strong>.\r\n\r\nL'\u00e9preuve anticip\u00e9e de langue fran\u00e7aise est fix\u00e9e au <strong>jeudi 10 septembre 2026<\/strong>. Celle de maths se tiendra le <strong>vendredi 11 septembre 2026<\/strong>.\r\n<div style=\"background-color: #fff9e6; border-left: 4px solid #ffc107; padding: 20px; margin: 25px 0;\">\r\n\r\n<strong>\u2705 Bon r\u00e9flexe<\/strong>\r\n\r\nEn parall\u00e8le de la pr\u00e9paration aux examens, n'oubliez pas de formuler vos v\u0153ux sur Parcoursup. La confirmation des v\u0153ux doit \u00eatre effectu\u00e9e avant le <strong>1er avril 2026<\/strong>. La phase principale d'admission d\u00e9butera le 2 juin 2026.\r\n\r\n<\/div>\r\n<h2>Les dates du bac 2026 dans les centres \u00e0 l'\u00e9tranger<\/h2>\r\nLes candidats inscrits dans les \u00e9tablissements \u00e0 l'\u00e9tranger suivent un calendrier l\u00e9g\u00e8rement d\u00e9cal\u00e9. Les acad\u00e9mies de rattachement sont r\u00e9parties en deux groupes.\r\n<h3>Groupe 1 (Europe, Afrique du Nord, Proche-Orient)<\/h3>\r\nL'examen de philosophie est fix\u00e9 au <strong>jeudi 11 juin 2026<\/strong>. Les \u00e9valuations \u00e9crites de sp\u00e9cialit\u00e9 se tiendront les <strong>mardi 10, jeudi 12 et vendredi 13 juin 2026<\/strong>. Chaque candidat est convoqu\u00e9 sur deux jours, avec un enseignement de sp\u00e9cialit\u00e9 par jour.\r\n\r\nLes examens anticip\u00e9s de langue fran\u00e7aise seront organis\u00e9s le <strong>jeudi 11 septembre 2026<\/strong>, qu'ils soient pass\u00e9s au titre de la session 2026 ou par anticipation pour 2027.\r\n<h3>Groupe 2 (Am\u00e9riques, Asie, Oc\u00e9anie)<\/h3>\r\nLe programme des examens obligatoires est d\u00e9termin\u00e9 par le recteur de l'acad\u00e9mie de rattachement, sur proposition des services de coop\u00e9ration et d'action culturelle des ambassades.\r\n\r\nL'\u00e9valuation des comp\u00e9tences exp\u00e9rimentales (physique-chimie, SVT, biologie, \u00e9cologie) sera d\u00e9finie dans une note de service ult\u00e9rieure du minist\u00e8re.\r\n\r\nVous \u00eates en 3\u00e8me ? Consultez les <a href=\"https:\/\/cours-particuliers.com\/dates-importantes-brevet\/\">dates du brevet 2026<\/a> !\r\n<h2>Comment bien pr\u00e9parer le bac 2026 ?<\/h2>\r\nLa pr\u00e9paration demande une organisation rigoureuse. Maintenant que vous connaissez les \u00e9ch\u00e9ances, voici comment structurer vos r\u00e9visions.\r\n\r\n[caption id=\"attachment_199380\" align=\"aligncenter\" width=\"1024\"]<img class=\"size-large wp-image-199380\" src=\"https:\/\/cours-particuliers.com\/wp-content\/uploads\/2025\/05\/etudiants-revisions-herbe-1024x683.webp\" alt=\"Deux jeunes femmes r\u00e9visent en souriant sur une pelouse au printemps.\" width=\"1024\" height=\"683\"> L'\u00e9ch\u00e9ance symbolise aussi un \u00e9t\u00e9 souvent inoubliable, un rite de passage vers la libert\u00e9 ![\/caption]\r\n<h3>Bien planifier ses r\u00e9visions<\/h3>\r\nPour r\u00e9viser efficacement votre baccalaur\u00e9at, \u00e9tablissez un planning r\u00e9aliste en alternant les mati\u00e8res. Commencez par identifier vos points faibles et consacrez-leur davantage de temps. La r\u00e9p\u00e9tition espac\u00e9e, une technique qui consiste \u00e0 r\u00e9viser \u00e0 intervalles croissants, s'av\u00e8re particuli\u00e8rement efficace pour ancrer les connaissances.\r\n\r\nSuivre l'actualit\u00e9 est indispensable, notamment pour les sciences \u00e9conomiques et sociales, l'histoire-g\u00e9ographie ou la philosophie. Des publications comme Le Monde ou Philosophie Magazine vous aideront \u00e0 nourrir votre r\u00e9flexion.\r\n\r\nPour des conseils d\u00e9taill\u00e9s mati\u00e8re par mati\u00e8re, consultez notre guide complet : <a href=\"https:\/\/cours-particuliers.com\/conseils-revision-bac\/\">Bac 2026 : r\u00e9viser le fran\u00e7ais, la philo, le Grand Oral et les sp\u00e9cialit\u00e9s<\/a>.\r\n<h3>S'entra\u00eener sur les formats d'examen<\/h3>\r\nPrenez le temps de vous familiariser avec les modalit\u00e9s de chaque \u00e9valuation. Le Grand oral demande une posture claire et une bonne capacit\u00e9 d'argumentation. Les examens anticip\u00e9s de fran\u00e7ais n\u00e9cessitent une solide ma\u00eetrise des textes au programme.\r\n\r\nEntra\u00eenez-vous r\u00e9guli\u00e8rement sur des sujets types gr\u00e2ce aux annales corrig\u00e9es. Des applications comme D\u00e9fiBac quiz ou Mobibac peuvent compl\u00e9ter utilement vos r\u00e9visions.\r\n<div style=\"background-color: #e8f5e9; border-left: 4px solid #4caf50; padding: 20px; margin: 25px 0;\">\r\n\r\n<strong>\ud83d\udca1 Conseil<\/strong>\r\n\r\nUn accompagnement personnalis\u00e9 peut faire une r\u00e9elle diff\u00e9rence. Les stages intensifs ou le soutien scolaire avec un professeur particulier permettent de lever les blocages et de r\u00e9viser \u00e0 votre rythme. Superprof propose des enseignants dipl\u00f4m\u00e9s pour toutes les mati\u00e8res.\r\n\r\n<\/div>"},"excerpt":{"rendered":"<p>Le compte \u00e0 rebours a commenc\u00e9. Dans quelques mois, pr\u00e8s de 700 000 candidats passeront<\/p>\n","protected":false},"author":2,"featured_media":2732,"comment_status":"closed","ping_status":"open","sticky":false,"template":"","format":"standard","meta":{"_seopress_robots_primary_cat":"","_seopress_titles_title":"","_seopress_titles_desc":"","_seopress_robots_index":"","footnotes":""},"categories":[17],"tags":[],"class_list":["post-3461","post","type-post","status-publish","format-standard","has-post-thumbnail","hentry","category-vie-scolaire"],"_links":{"self":[{"href":"https:\/\/cours-particuliers.com\/ag_api\/wp\/v2\/posts\/3461","targetHints":{"allow":["GET"]}}],"collection":[{"href":"https:\/\/cours-particuliers.com\/ag_api\/wp\/v2\/posts"}],"about":[{"href":"https:\/\/cours-particuliers.com\/ag_api\/wp\/v2\/types\/post"}],"author":[{"embeddable":true,"href":"https:\/\/cours-particuliers.com\/ag_api\/wp\/v2\/users\/2"}],"replies":[{"embeddable":true,"href":"https:\/\/cours-particuliers.com\/ag_api\/wp\/v2\/comments?post=3461"}],"version-history":[{"count":3,"href":"https:\/\/cours-particuliers.com\/ag_api\/wp\/v2\/posts\/3461\/revisions"}],"predecessor-version":[{"id":3666,"href":"https:\/\/cours-particuliers.com\/ag_api\/wp\/v2\/posts\/3461\/revisions\/3666"}],"wp:featuredmedia":[{"embeddable":true,"href":"https:\/\/cours-particuliers.com\/ag_api\/wp\/v2\/media\/2732"}],"wp:attachment":[{"href":"https:\/\/cours-particuliers.com\/ag_api\/wp\/v2\/media?parent=3461"}],"wp:term":[{"taxonomy":"category","embeddable":true,"href":"https:\/\/cours-particuliers.com\/ag_api\/wp\/v2\/categories?post=3461"},{"taxonomy":"post_tag","embeddable":true,"href":"https:\/\/cours-particuliers.com\/ag_api\/wp\/v2\/tags?post=3461"}],"curies":[{"name":"wp","href":"https:\/\/api.w.org\/{rel}","templated":true}]}}