{"id":3463,"date":"2025-12-05T11:18:26","date_gmt":"2025-12-05T10:18:26","guid":{"rendered":"https:\/\/cours-particuliers.com\/dates-importantes-brevet\/"},"modified":"2025-12-22T15:28:51","modified_gmt":"2025-12-22T14:28:51","slug":"dates-importantes-brevet","status":"publish","type":"post","link":"https:\/\/cours-particuliers.com\/dates-importantes-brevet\/","title":{"rendered":"Quelles sont les dates du brevet 2026 ?"},"content":{"rendered":"<div id=\"ez-toc-container\" class=\"ez-toc-v2_0_67_1 counter-hierarchy ez-toc-counter ez-toc-grey ez-toc-container-direction\">\n<div class=\"ez-toc-title-container\">\n<p class=\"ez-toc-title \" >A lire dans cet article :<\/p>\n<span class=\"ez-toc-title-toggle\"><a href=\"#\" class=\"ez-toc-pull-right ez-toc-btn ez-toc-btn-xs ez-toc-btn-default ez-toc-toggle\" aria-label=\"Toggle Table of Content\"><span class=\"ez-toc-js-icon-con\"><span class=\"\"><span class=\"eztoc-hide\" style=\"display:none;\">Toggle<\/span><span class=\"ez-toc-icon-toggle-span\"><svg style=\"fill: #999;color:#999\" xmlns=\"http:\/\/www.w3.org\/2000\/svg\" class=\"list-377408\" width=\"20px\" height=\"20px\" viewBox=\"0 0 24 24\" fill=\"none\"><path d=\"M6 6H4v2h2V6zm14 0H8v2h12V6zM4 11h2v2H4v-2zm16 0H8v2h12v-2zM4 16h2v2H4v-2zm16 0H8v2h12v-2z\" fill=\"currentColor\"><\/path><\/svg><svg style=\"fill: #999;color:#999\" class=\"arrow-unsorted-368013\" xmlns=\"http:\/\/www.w3.org\/2000\/svg\" width=\"10px\" height=\"10px\" viewBox=\"0 0 24 24\" version=\"1.2\" baseProfile=\"tiny\"><path d=\"M18.2 9.3l-6.2-6.3-6.2 6.3c-.2.2-.3.4-.3.7s.1.5.3.7c.2.2.4.3.7.3h11c.3 0 .5-.1.7-.3.2-.2.3-.5.3-.7s-.1-.5-.3-.7zM5.8 14.7l6.2 6.3 6.2-6.3c.2-.2.3-.5.3-.7s-.1-.5-.3-.7c-.2-.2-.4-.3-.7-.3h-11c-.3 0-.5.1-.7.3-.2.2-.3.5-.3.7s.1.5.3.7z\"\/><\/svg><\/span><\/span><\/span><\/a><\/span><\/div>\n<nav><ul class='ez-toc-list ez-toc-list-level-1 ' ><li class='ez-toc-page-1 ez-toc-heading-level-2'><a class=\"ez-toc-link ez-toc-heading-1\" href=\"https:\/\/cours-particuliers.com\/dates-importantes-brevet\/#Les_dates_des_epreuves_ecrites_au_brevet_2026\" title=\"Les dates des \u00e9preuves \u00e9crites au brevet 2026\">Les dates des \u00e9preuves \u00e9crites au brevet 2026<\/a><ul class='ez-toc-list-level-3' ><li class='ez-toc-heading-level-3'><a class=\"ez-toc-link ez-toc-heading-2\" href=\"https:\/\/cours-particuliers.com\/dates-importantes-brevet\/#Serie_generale\" title=\"S\u00e9rie g\u00e9n\u00e9rale\">S\u00e9rie g\u00e9n\u00e9rale<\/a><\/li><li class='ez-toc-page-1 ez-toc-heading-level-3'><a class=\"ez-toc-link ez-toc-heading-3\" href=\"https:\/\/cours-particuliers.com\/dates-importantes-brevet\/#Serie_professionnelle\" title=\"S\u00e9rie professionnelle\">S\u00e9rie professionnelle<\/a><\/li><li class='ez-toc-page-1 ez-toc-heading-level-3'><a class=\"ez-toc-link ez-toc-heading-4\" href=\"https:\/\/cours-particuliers.com\/dates-importantes-brevet\/#Tableau_des_epreuves_du_brevet_2026_en_metropole\" title=\"Tableau des \u00e9preuves du brevet 2026 en m\u00e9tropole\">Tableau des \u00e9preuves du brevet 2026 en m\u00e9tropole<\/a><\/li><\/ul><\/li><li class='ez-toc-page-1 ez-toc-heading-level-2'><a class=\"ez-toc-link ez-toc-heading-5\" href=\"https:\/\/cours-particuliers.com\/dates-importantes-brevet\/#Quand_passer_lepreuve_orale_au_brevet_2026\" title=\"Quand passer l&rsquo;\u00e9preuve orale au brevet 2026 ?\">Quand passer l&rsquo;\u00e9preuve orale au brevet 2026 ?<\/a><\/li><li class='ez-toc-page-1 ez-toc-heading-level-2'><a class=\"ez-toc-link ez-toc-heading-6\" href=\"https:\/\/cours-particuliers.com\/dates-importantes-brevet\/#Quand_et_comment_consulter_les_resultats_du_brevet_2026\" title=\"Quand et comment consulter les r\u00e9sultats du brevet 2026 ?\">Quand et comment consulter les r\u00e9sultats du brevet 2026 ?<\/a><ul class='ez-toc-list-level-3' ><li class='ez-toc-heading-level-3'><a class=\"ez-toc-link ez-toc-heading-7\" href=\"https:\/\/cours-particuliers.com\/dates-importantes-brevet\/#Les_resultats_selon_les_academies\" title=\"Les r\u00e9sultats selon les acad\u00e9mies\">Les r\u00e9sultats selon les acad\u00e9mies<\/a><\/li><li class='ez-toc-page-1 ez-toc-heading-level-3'><a class=\"ez-toc-link ez-toc-heading-8\" href=\"https:\/\/cours-particuliers.com\/dates-importantes-brevet\/#Bareme_et_mentions_du_brevet_2026\" title=\"Bar\u00e8me et mentions du brevet 2026\">Bar\u00e8me et mentions du brevet 2026<\/a><\/li><\/ul><\/li><\/ul><\/nav><\/div>\n<p>La classe de 3\u00e8me marque la fin des ann\u00e9es coll\u00e8ge avec le <strong>Dipl\u00f4me National du Brevet<\/strong> (DNB).<\/p>\n<p>Cet examen permet aux coll\u00e9giens de valider leurs acquis et de se pr\u00e9parer aux examens futurs, notamment le baccalaur\u00e9at. Conna\u00eetre les <a href=\"https:\/\/cours-particuliers.com\/bac-brevet-dates-revisions\/\">dates du bac et du brevet<\/a> est essentiel pour bien s&rsquo;organiser et se pr\u00e9parer efficacement aux \u00e9preuves.<\/p>\n<p><strong>Nouveaut\u00e9 2026<\/strong> : les \u00e9preuves \u00e9crites du DNB se d\u00e9rouleront d\u00e9sormais sur trois jours au lieu de deux, avec l&rsquo;ajout d&rsquo;une \u00e9preuve de langue vivante \u00e9trang\u00e8re obligatoire pour tous les \u00e9l\u00e8ves.<\/p>\n<p>D\u00e9couvrez d\u00e8s maintenant les <strong>dates du brevet 2026<\/strong> en France et \u00e0 l&rsquo;\u00e9tranger.<\/p>\n<h2><span class=\"ez-toc-section\" id=\"Les_dates_des_epreuves_ecrites_au_brevet_2026\"><\/span>Les dates des \u00e9preuves \u00e9crites au brevet 2026<span class=\"ez-toc-section-end\"><\/span><\/h2>\n<p>Le planning des sessions g\u00e9n\u00e9rales et professionnelles du DNB est fix\u00e9 par le minist\u00e8re de l&rsquo;\u00c9ducation Nationale. En France m\u00e9tropolitaine, \u00e0 La R\u00e9union, Mayotte, en Guadeloupe, en Martinique, en Guyane et \u00e0 Saint-Pierre-et-Miquelon, les examens se d\u00e9rouleront durant les m\u00eames p\u00e9riodes.<\/p>\n<figure id=\"attachment_199368\" aria-describedby=\"caption-attachment-199368\" style=\"width: 1024px\" class=\"wp-caption aligncenter\"><img loading=\"lazy\" decoding=\"async\" class=\"size-large wp-image-199368\" src=\"https:\/\/cours-particuliers.com\/wp-content\/uploads\/2025\/04\/page-calendrier-2025-1024x683.webp\" alt=\"Un crayon pos\u00e9 sur un planning de l'ann\u00e9e 2026 pour pr\u00e9parer le brevet.\" width=\"1024\" height=\"683\"><figcaption id=\"caption-attachment-199368\" class=\"wp-caption-text\">Anticipez bien vos r\u00e9visions, commencez d\u00e8s le mois de mai \u00e0 r\u00e9viser le brevet !<\/figcaption><\/figure>\n<h3><span class=\"ez-toc-section\" id=\"Serie_generale\"><\/span>S\u00e9rie g\u00e9n\u00e9rale<span class=\"ez-toc-section-end\"><\/span><\/h3>\n<p>Les coll\u00e9giens passeront les \u00e9preuves \u00e9crites sur <strong>trois journ\u00e9es<\/strong>, pr\u00e9vues pour les vendredi 26, lundi 29 et mardi 30 juin 2026.<\/p>\n<ul>\n<li>Vendredi 26 juin matin : Fran\u00e7ais (grammaire, compr\u00e9hension, dict\u00e9e et r\u00e9daction) \u2013 coefficient 2,<\/li>\n<li>Lundi 29 juin matin : Histoire-g\u00e9ographie (coefficient 1,5) et EMC (coefficient 0,5),<\/li>\n<li>Lundi 29 juin apr\u00e8s-midi : Sciences (physique-chimie, SVT ou technologie) \u2013 coefficient 2,<\/li>\n<li>Mardi 30 juin matin : Math\u00e9matiques (alg\u00e8bre, g\u00e9om\u00e9trie, r\u00e9solution de probl\u00e8mes) \u2013 coefficient 2,<\/li>\n<li>Mardi 30 juin apr\u00e8s-midi : LVE (nouvelle \u00e9preuve obligatoire) \u2013 coefficient 2.<\/li>\n<\/ul>\n<p>En Guadeloupe, Martinique, Guyane et Saint-Pierre-et-Miquelon, l&rsquo;ordre des \u00e9preuves peut \u00eatre adapt\u00e9 en fonction du d\u00e9calage horaire.<\/p>\n<p>Les examens de la seconde session se d\u00e9rouleront les <strong>jeudi 10 et vendredi 11 septembre 2026<\/strong>, avec des horaires adapt\u00e9s \u00e0 chaque \u00e9tablissement.<\/p>\n<h3><span class=\"ez-toc-section\" id=\"Serie_professionnelle\"><\/span>S\u00e9rie professionnelle<span class=\"ez-toc-section-end\"><\/span><\/h3>\n<p>Les sessions \u00e9crites du brevet restent identiques pour la s\u00e9rie g\u00e9n\u00e9rale et professionnelle. Pour la p\u00e9riode normale, les \u00e9l\u00e8ves passeront les \u00e9preuves les vendredi 26, lundi 29 et mardi 30 juin 2026. En deuxi\u00e8me session, les \u00e9preuves auront lieu jeudi 10 et vendredi 11 septembre 2026.<\/p>\n<p>Cependant, chaque \u00e9tablissement organise les \u00e9preuves sp\u00e9cifiques aux fili\u00e8res professionnelles, telles que les examens pratiques ou les projets adapt\u00e9s, selon ses propres modalit\u00e9s. Les \u00e9l\u00e8ves seront inform\u00e9s directement de l&#8217;emploi du temps d\u00e9taill\u00e9 pour ces \u00e9valuations.<\/p>\n<p>Cette cat\u00e9gorie professionnelle des coll\u00e8ges comprend notamment le troisi\u00e8me pr\u00e9pa-m\u00e9tiers, la formation agricole, la SEGPA, les CPA, l&rsquo;EPA, l&rsquo;EPMI et les CPM.<\/p>\n<div style=\"background-color: #e8f5e9; border-left: 4px solid #4caf50; padding: 20px; margin: 25px 0;\">\n<p><strong>Besoin d&rsquo;aide pour vos r\u00e9visions ?<\/strong><\/p>\n<p>Un <a href=\"https:\/\/www.superprof.fr\/cours\/soutien-scolaire\/france\/\">professeur particulier<\/a> peut vous accompagner dans la pr\u00e9paration du brevet et vous aider \u00e0 progresser dans les mati\u00e8res o\u00f9 vous avez des difficult\u00e9s.<\/p>\n<\/div>\n<h3><span class=\"ez-toc-section\" id=\"Tableau_des_epreuves_du_brevet_2026_en_metropole\"><\/span>Tableau des \u00e9preuves du brevet 2026 en m\u00e9tropole<span class=\"ez-toc-section-end\"><\/span><\/h3>\n<table border=\"1\" cellspacing=\"0\" cellpadding=\"8\">\n<thead>\n<tr>\n<th>\u00c9preuves<\/th>\n<th>Session normale<\/th>\n<th>Session de remplacement<\/th>\n<th>Heures<\/th>\n<\/tr>\n<\/thead>\n<tbody>\n<tr>\n<td>Fran\u00e7ais (compr\u00e9hension, comp\u00e9tences linguistiques, dict\u00e9e)<\/td>\n<td>Vendredi 26 juin 2026<\/td>\n<td>Jeudi 10 septembre 2026<\/td>\n<td>9h \u2013 10h30<\/td>\n<\/tr>\n<tr>\n<td>Fran\u00e7ais (r\u00e9daction)<\/td>\n<td>Vendredi 26 juin 2026<\/td>\n<td>Jeudi 10 septembre 2026<\/td>\n<td>10h45 \u2013 12h15<\/td>\n<\/tr>\n<tr>\n<td>Histoire-g\u00e9ographie et EMC<\/td>\n<td>Lundi 29 juin 2026<\/td>\n<td>Jeudi 10 septembre 2026<\/td>\n<td>9h \u2013 11h<\/td>\n<\/tr>\n<tr>\n<td>Sciences (deux disciplines parmi SVT, technologie et physique-chimie)<\/td>\n<td>Lundi 29 juin 2026<\/td>\n<td>Jeudi 10 septembre 2026<\/td>\n<td>13h30 \u2013 14h30<\/td>\n<\/tr>\n<tr>\n<td>Math\u00e9matiques<\/td>\n<td>Mardi 30 juin 2026<\/td>\n<td>Vendredi 11 septembre 2026<\/td>\n<td>9h \u2013 11h<\/td>\n<\/tr>\n<tr>\n<td>LVE<\/td>\n<td>Mardi 30 juin 2026<\/td>\n<td>Vendredi 11 septembre 2026<\/td>\n<td>14h30 \u2013 16h<\/td>\n<\/tr>\n<\/tbody>\n<\/table>\n<p>Ces <a href=\"https:\/\/cours-particuliers.com\/conseils-revision-brevet\/\">dates du brevet 2026<\/a> vous permettent d&rsquo;anticiper vos r\u00e9visions pour \u00eatre pr\u00eat fin juin.<\/p>\n<h2><span class=\"ez-toc-section\" id=\"Quand_passer_lepreuve_orale_au_brevet_2026\"><\/span>Quand passer l&rsquo;\u00e9preuve orale au brevet 2026 ?<span class=\"ez-toc-section-end\"><\/span><\/h2>\n<p>Pour la s\u00e9rie g\u00e9n\u00e9rale, <strong>l&rsquo;\u00e9preuve orale<\/strong> se d\u00e9roulera au troisi\u00e8me trimestre, entre le lundi 15 avril et le vendredi 27 juin 2026.<\/p>\n<figure id=\"attachment_199371\" aria-describedby=\"caption-attachment-199371\" style=\"width: 1024px\" class=\"wp-caption aligncenter\"><img loading=\"lazy\" decoding=\"async\" class=\"size-large wp-image-199371\" src=\"https:\/\/cours-particuliers.com\/wp-content\/uploads\/2025\/04\/professeur-classe-etudiants-1024x683.webp\" alt=\"Une femme se tient debout devant des \u00e9l\u00e8ves assis dans une pi\u00e8ce lumineuse pour pr\u00e9parer l'oral du brevet.\" width=\"1024\" height=\"683\"><figcaption id=\"caption-attachment-199371\" class=\"wp-caption-text\">Entra\u00eenez-vous \u00e0 l&rsquo;oral du brevet comme si vous \u00e9tiez en train de donner un cours !<\/figcaption><\/figure>\n<p>En s\u00e9rie professionnelle, chaque \u00e9tablissement planifie g\u00e9n\u00e9ralement l&rsquo;oral avant les examens \u00e9crits. Les \u00e9l\u00e8ves recevront leur emploi du temps d\u00e9taill\u00e9 sur leur convocation.<\/p>\n<p>Cette \u00e9preuve vise \u00e0 valoriser la d\u00e9marche personnelle de chaque \u00e9l\u00e8ve, sa capacit\u00e9 \u00e0 argumenter et \u00e0 pr\u00e9senter ses apprentissages.<\/p>\n<p>Elle peut se r\u00e9aliser seul ou en petit groupe (maximum 3 personnes). Seul, l&rsquo;oral dure g\u00e9n\u00e9ralement 15 minutes : 5 minutes de pr\u00e9sentation suivies de 10 minutes d&rsquo;\u00e9change avec le jury. En \u00e9quipe, l&rsquo;\u00e9preuve dure 25 minutes : 10 minutes d&rsquo;expos\u00e9 et 15 minutes d&rsquo;entretien avec le jury.<\/p>\n<p>Les \u00e9l\u00e8ves choisissent leur sujet parmi plusieurs options :<\/p>\n<ul>\n<li>Un projet r\u00e9alis\u00e9 dans le cadre d&rsquo;un Enseignement Pratique Interdisciplinaire (EPI),<\/li>\n<li>Un projet issu d&rsquo;un parcours \u00e9ducatif (parcours citoyen, avenir\u2026),<\/li>\n<li>Une pr\u00e9sentation li\u00e9e \u00e0 un stage en entreprise ou \u00e0 une exp\u00e9rience personnelle marquante.<\/li>\n<\/ul>\n<p>Ils pr\u00e9parent un support visuel (diaporama, affiche, etc.) pour appuyer leur propos, bien que cette pr\u00e9paration reste facultative.<\/p>\n<p>L&rsquo;\u00e9preuve orale fait partie de la note finale du DNB et est affect\u00e9e d&rsquo;un <strong>coefficient 2<\/strong>, au m\u00eame titre que le fran\u00e7ais, les math\u00e9matiques et les sciences. Elle est not\u00e9e sur 20 points, r\u00e9partis comme suit : 10 pour la qualit\u00e9 de l&rsquo;expression orale (clart\u00e9, fluidit\u00e9, posture) et 10 pour le contenu et l&rsquo;originalit\u00e9 du projet pr\u00e9sent\u00e9.<\/p>\n<p>Loin d&rsquo;\u00eatre un simple bonus, cette \u00e9preuve peut faire la diff\u00e9rence et permettre d&rsquo;obtenir une mention. Elle constitue \u00e9galement une belle opportunit\u00e9 pour les \u00e9l\u00e8ves de mettre en valeur leur engagement dans un projet.<\/p>\n<p>Voici mes conseils de <a href=\"https:\/\/cours-particuliers.com\/conseils-revision-bac\/\">r\u00e9visions du bac 2026<\/a>, si vous \u00eates lyc\u00e9en(ne) !<\/p>\n<div style=\"background-color: #fff9e6; border-left: 4px solid #ffc107; padding: 20px; margin: 25px 0;\">\n<p><strong>\u2705 Bon r\u00e9flexe<\/strong><\/p>\n<p>Commencez \u00e0 pr\u00e9parer votre oral d\u00e8s le mois de mars. Choisissez un sujet qui vous passionne et entra\u00eenez-vous r\u00e9guli\u00e8rement \u00e0 le pr\u00e9senter \u00e0 l&rsquo;oral, seul devant un miroir ou devant vos proches.<\/p>\n<\/div>\n<p>Et connaissez-vous le <a href=\"https:\/\/cours-particuliers.com\/dates-importantes-baccalaureat\/\">calendrier des \u00e9preuves du bac 2026<\/a> ?<\/p>\n<h2><span class=\"ez-toc-section\" id=\"Quand_et_comment_consulter_les_resultats_du_brevet_2026\"><\/span>Quand et comment consulter les r\u00e9sultats du brevet 2026 ?<span class=\"ez-toc-section-end\"><\/span><\/h2>\n<p>D\u00e9couvrez comment et quand vous pourrez consulter vos notes en fonction de votre acad\u00e9mie et de votre localisation.<\/p>\n<figure id=\"attachment_199370\" aria-describedby=\"caption-attachment-199370\" style=\"width: 1024px\" class=\"wp-caption aligncenter\"><img loading=\"lazy\" decoding=\"async\" class=\"size-large wp-image-199370\" src=\"https:\/\/cours-particuliers.com\/wp-content\/uploads\/2025\/04\/page-du-calendrier-1024x683.webp\" alt=\"Un agenda de l'ann\u00e9e 2026 sur un fond orange pour consulter les r\u00e9sultats du brevet.\" width=\"1024\" height=\"683\"><figcaption id=\"caption-attachment-199370\" class=\"wp-caption-text\">Pour de nombreux \u00e9l\u00e8ves, les \u00e9preuves du brevet ne sont qu&rsquo;une simple formalit\u00e9 !<\/figcaption><\/figure>\n<h3><span class=\"ez-toc-section\" id=\"Les_resultats_selon_les_academies\"><\/span>Les r\u00e9sultats selon les acad\u00e9mies<span class=\"ez-toc-section-end\"><\/span><\/h3>\n<p>Les r\u00e9sultats du <strong>brevet 2026<\/strong> seront publi\u00e9s en juillet, mais la date exacte variera selon les acad\u00e9mies.<\/p>\n<p>En g\u00e9n\u00e9ral, les \u00e9l\u00e8ves peuvent consulter leurs r\u00e9sultats \u00e0 partir du <strong>mardi 7 juillet 2026<\/strong>. Toutefois, pour la session de remplacement, les r\u00e9sultats pourraient \u00eatre disponibles \u00e0 partir de fin septembre. Chaque acad\u00e9mie fixera son propre planning, alors il est important de le v\u00e9rifier aupr\u00e8s des rectorats locaux.<\/p>\n<p>Et si vous preniez un professeur de soutien scolaire \u00e0 domicile pour <a href=\"https:\/\/cours-particuliers.com\/conseils-revision-bac-francais\/\">r\u00e9viser le bac de fran\u00e7ais<\/a> ?<\/p>\n<h3><span class=\"ez-toc-section\" id=\"Bareme_et_mentions_du_brevet_2026\"><\/span>Bar\u00e8me et mentions du brevet 2026<span class=\"ez-toc-section-end\"><\/span><\/h3>\n<p><strong>Nouveaut\u00e9 majeure 2026<\/strong> : le syst\u00e8me de notation sur 800 points dispara\u00eet ! Le DNB est d\u00e9sormais \u00e9valu\u00e9 sur une <strong>moyenne g\u00e9n\u00e9rale sur 20<\/strong>, calcul\u00e9e ainsi :<\/p>\n<ul>\n<li><strong>40% contr\u00f4le continu<\/strong> : note globale de toutes les mati\u00e8res de 3\u00e8me (chaque discipline a le m\u00eame coefficient),<\/li>\n<li><strong>60% \u00e9preuves finales<\/strong> : notes globales obtenues aux cinq \u00e9preuves terminales.<\/li>\n<\/ul>\n<p>Pour obtenir le dipl\u00f4me, il faut <strong>avoir au moins 10\/20<\/strong>.<\/p>\n<p>Les mentions sont attribu\u00e9es selon les seuils suivants :<\/p>\n<ul>\n<li>Mention Assez Bien : \u00e0 partir de 12\/20,<\/li>\n<li>Mention Bien : \u00e0 partir de 14\/20,<\/li>\n<li>Mention Tr\u00e8s Bien : \u00e0 partir de 16\/20,<\/li>\n<li>Mention Tr\u00e8s Bien avec f\u00e9licitations du jury : \u00e0 partir de 18\/20 (nouvelle distinction !).<\/li>\n<\/ul>\n<p>Les points sup\u00e9rieurs \u00e0 10\/20 obtenus dans un enseignement facultatif (langues anciennes, chant choral, etc.) peuvent \u00eatre ajout\u00e9s en bonus.<\/p>\n<div style=\"background-color: #e8f5e9; border-left: 4px solid #4caf50; padding: 20px; margin: 25px 0;\">\n<p><strong>\ud83d\udca1 Conseil<\/strong><\/p>\n<p>Conna\u00eetre les dates du brevet 2026 est essentiel pour organiser ses r\u00e9visions et aborder l&rsquo;examen sereinement. Avec le nouveau syst\u00e8me de notation sur 20, les \u00e9preuves finales comptent d\u00e9sormais pour 60% de la note finale : chaque point compte ! Planifiez vos r\u00e9visions d\u00e8s le mois de mai en vous concentrant sur le fran\u00e7ais, les math\u00e9matiques, l&rsquo;histoire-g\u00e9ographie et les sciences. Bon courage !<\/p>\n<\/div>\n","_raw":"La classe de 3\u00e8me marque la fin des ann\u00e9es coll\u00e8ge avec le <strong>Dipl\u00f4me National du Brevet<\/strong> (DNB).\r\n\r\nCet examen permet aux coll\u00e9giens de valider leurs acquis et de se pr\u00e9parer aux examens futurs, notamment le baccalaur\u00e9at. Conna\u00eetre les <a href=\"https:\/\/cours-particuliers.com\/bac-brevet-dates-revisions\/\">dates du bac et du brevet<\/a> est essentiel pour bien s'organiser et se pr\u00e9parer efficacement aux \u00e9preuves.\r\n\r\n<strong>Nouveaut\u00e9 2026<\/strong> : les \u00e9preuves \u00e9crites du DNB se d\u00e9rouleront d\u00e9sormais sur trois jours au lieu de deux, avec l'ajout d'une \u00e9preuve de langue vivante \u00e9trang\u00e8re obligatoire pour tous les \u00e9l\u00e8ves.\r\n\r\nD\u00e9couvrez d\u00e8s maintenant les <strong>dates du brevet 2026<\/strong> en France et \u00e0 l'\u00e9tranger.\r\n<h2>Les dates des \u00e9preuves \u00e9crites au brevet 2026<\/h2>\r\nLe planning des sessions g\u00e9n\u00e9rales et professionnelles du DNB est fix\u00e9 par le minist\u00e8re de l'\u00c9ducation Nationale. En France m\u00e9tropolitaine, \u00e0 La R\u00e9union, Mayotte, en Guadeloupe, en Martinique, en Guyane et \u00e0 Saint-Pierre-et-Miquelon, les examens se d\u00e9rouleront durant les m\u00eames p\u00e9riodes.\r\n\r\n[caption id=\"attachment_199368\" align=\"aligncenter\" width=\"1024\"]<img class=\"size-large wp-image-199368\" src=\"https:\/\/cours-particuliers.com\/wp-content\/uploads\/2025\/04\/page-calendrier-2025-1024x683.webp\" alt=\"Un crayon pos\u00e9 sur un planning de l'ann\u00e9e 2026 pour pr\u00e9parer le brevet.\" width=\"1024\" height=\"683\"> Anticipez bien vos r\u00e9visions, commencez d\u00e8s le mois de mai \u00e0 r\u00e9viser le brevet ![\/caption]\r\n<h3>S\u00e9rie g\u00e9n\u00e9rale<\/h3>\r\nLes coll\u00e9giens passeront les \u00e9preuves \u00e9crites sur <strong>trois journ\u00e9es<\/strong>, pr\u00e9vues pour les vendredi 26, lundi 29 et mardi 30 juin 2026.\r\n<ul>\r\n \t<li>Vendredi 26 juin matin : Fran\u00e7ais (grammaire, compr\u00e9hension, dict\u00e9e et r\u00e9daction) \u2013 coefficient 2,<\/li>\r\n \t<li>Lundi 29 juin matin : Histoire-g\u00e9ographie (coefficient 1,5) et EMC (coefficient 0,5),<\/li>\r\n \t<li>Lundi 29 juin apr\u00e8s-midi : Sciences (physique-chimie, SVT ou technologie) \u2013 coefficient 2,<\/li>\r\n \t<li>Mardi 30 juin matin : Math\u00e9matiques (alg\u00e8bre, g\u00e9om\u00e9trie, r\u00e9solution de probl\u00e8mes) \u2013 coefficient 2,<\/li>\r\n \t<li>Mardi 30 juin apr\u00e8s-midi : LVE (nouvelle \u00e9preuve obligatoire) \u2013 coefficient 2.<\/li>\r\n<\/ul>\r\nEn Guadeloupe, Martinique, Guyane et Saint-Pierre-et-Miquelon, l'ordre des \u00e9preuves peut \u00eatre adapt\u00e9 en fonction du d\u00e9calage horaire.\r\n\r\nLes examens de la seconde session se d\u00e9rouleront les <strong>jeudi 10 et vendredi 11 septembre 2026<\/strong>, avec des horaires adapt\u00e9s \u00e0 chaque \u00e9tablissement.\r\n<h3>S\u00e9rie professionnelle<\/h3>\r\nLes sessions \u00e9crites du brevet restent identiques pour la s\u00e9rie g\u00e9n\u00e9rale et professionnelle. Pour la p\u00e9riode normale, les \u00e9l\u00e8ves passeront les \u00e9preuves les vendredi 26, lundi 29 et mardi 30 juin 2026. En deuxi\u00e8me session, les \u00e9preuves auront lieu jeudi 10 et vendredi 11 septembre 2026.\r\n\r\nCependant, chaque \u00e9tablissement organise les \u00e9preuves sp\u00e9cifiques aux fili\u00e8res professionnelles, telles que les examens pratiques ou les projets adapt\u00e9s, selon ses propres modalit\u00e9s. Les \u00e9l\u00e8ves seront inform\u00e9s directement de l'emploi du temps d\u00e9taill\u00e9 pour ces \u00e9valuations.\r\n\r\nCette cat\u00e9gorie professionnelle des coll\u00e8ges comprend notamment le troisi\u00e8me pr\u00e9pa-m\u00e9tiers, la formation agricole, la SEGPA, les CPA, l'EPA, l'EPMI et les CPM.\r\n<div style=\"background-color: #e8f5e9; border-left: 4px solid #4caf50; padding: 20px; margin: 25px 0;\">\r\n\r\n<strong>Besoin d'aide pour vos r\u00e9visions ?<\/strong>\r\n\r\nUn <a href=\"https:\/\/www.superprof.fr\/cours\/soutien-scolaire\/france\/\">professeur particulier<\/a> peut vous accompagner dans la pr\u00e9paration du brevet et vous aider \u00e0 progresser dans les mati\u00e8res o\u00f9 vous avez des difficult\u00e9s.\r\n\r\n<\/div>\r\n<h3>Tableau des \u00e9preuves du brevet 2026 en m\u00e9tropole<\/h3>\r\n<table border=\"1\" cellspacing=\"0\" cellpadding=\"8\">\r\n<thead>\r\n<tr>\r\n<th>\u00c9preuves<\/th>\r\n<th>Session normale<\/th>\r\n<th>Session de remplacement<\/th>\r\n<th>Heures<\/th>\r\n<\/tr>\r\n<\/thead>\r\n<tbody>\r\n<tr>\r\n<td>Fran\u00e7ais (compr\u00e9hension, comp\u00e9tences linguistiques, dict\u00e9e)<\/td>\r\n<td>Vendredi 26 juin 2026<\/td>\r\n<td>Jeudi 10 septembre 2026<\/td>\r\n<td>9h \u2013 10h30<\/td>\r\n<\/tr>\r\n<tr>\r\n<td>Fran\u00e7ais (r\u00e9daction)<\/td>\r\n<td>Vendredi 26 juin 2026<\/td>\r\n<td>Jeudi 10 septembre 2026<\/td>\r\n<td>10h45 \u2013 12h15<\/td>\r\n<\/tr>\r\n<tr>\r\n<td>Histoire-g\u00e9ographie et EMC<\/td>\r\n<td>Lundi 29 juin 2026<\/td>\r\n<td>Jeudi 10 septembre 2026<\/td>\r\n<td>9h \u2013 11h<\/td>\r\n<\/tr>\r\n<tr>\r\n<td>Sciences (deux disciplines parmi SVT, technologie et physique-chimie)<\/td>\r\n<td>Lundi 29 juin 2026<\/td>\r\n<td>Jeudi 10 septembre 2026<\/td>\r\n<td>13h30 \u2013 14h30<\/td>\r\n<\/tr>\r\n<tr>\r\n<td>Math\u00e9matiques<\/td>\r\n<td>Mardi 30 juin 2026<\/td>\r\n<td>Vendredi 11 septembre 2026<\/td>\r\n<td>9h \u2013 11h<\/td>\r\n<\/tr>\r\n<tr>\r\n<td>LVE<\/td>\r\n<td>Mardi 30 juin 2026<\/td>\r\n<td>Vendredi 11 septembre 2026<\/td>\r\n<td>14h30 \u2013 16h<\/td>\r\n<\/tr>\r\n<\/tbody>\r\n<\/table>\r\nCes <a href=\"https:\/\/cours-particuliers.com\/conseils-revision-brevet\/\">dates du brevet 2026<\/a> vous permettent d'anticiper vos r\u00e9visions pour \u00eatre pr\u00eat fin juin.\r\n<h2>Quand passer l'\u00e9preuve orale au brevet 2026 ?<\/h2>\r\nPour la s\u00e9rie g\u00e9n\u00e9rale, <strong>l'\u00e9preuve orale<\/strong> se d\u00e9roulera au troisi\u00e8me trimestre, entre le lundi 15 avril et le vendredi 27 juin 2026.\r\n\r\n[caption id=\"attachment_199371\" align=\"aligncenter\" width=\"1024\"]<img class=\"size-large wp-image-199371\" src=\"https:\/\/cours-particuliers.com\/wp-content\/uploads\/2025\/04\/professeur-classe-etudiants-1024x683.webp\" alt=\"Une femme se tient debout devant des \u00e9l\u00e8ves assis dans une pi\u00e8ce lumineuse pour pr\u00e9parer l'oral du brevet.\" width=\"1024\" height=\"683\"> Entra\u00eenez-vous \u00e0 l'oral du brevet comme si vous \u00e9tiez en train de donner un cours ![\/caption]\r\n\r\nEn s\u00e9rie professionnelle, chaque \u00e9tablissement planifie g\u00e9n\u00e9ralement l'oral avant les examens \u00e9crits. Les \u00e9l\u00e8ves recevront leur emploi du temps d\u00e9taill\u00e9 sur leur convocation.\r\n\r\nCette \u00e9preuve vise \u00e0 valoriser la d\u00e9marche personnelle de chaque \u00e9l\u00e8ve, sa capacit\u00e9 \u00e0 argumenter et \u00e0 pr\u00e9senter ses apprentissages.\r\n\r\nElle peut se r\u00e9aliser seul ou en petit groupe (maximum 3 personnes). Seul, l'oral dure g\u00e9n\u00e9ralement 15 minutes : 5 minutes de pr\u00e9sentation suivies de 10 minutes d'\u00e9change avec le jury. En \u00e9quipe, l'\u00e9preuve dure 25 minutes : 10 minutes d'expos\u00e9 et 15 minutes d'entretien avec le jury.\r\n\r\nLes \u00e9l\u00e8ves choisissent leur sujet parmi plusieurs options :\r\n<ul>\r\n \t<li>Un projet r\u00e9alis\u00e9 dans le cadre d'un Enseignement Pratique Interdisciplinaire (EPI),<\/li>\r\n \t<li>Un projet issu d'un parcours \u00e9ducatif (parcours citoyen, avenir\u2026),<\/li>\r\n \t<li>Une pr\u00e9sentation li\u00e9e \u00e0 un stage en entreprise ou \u00e0 une exp\u00e9rience personnelle marquante.<\/li>\r\n<\/ul>\r\nIls pr\u00e9parent un support visuel (diaporama, affiche, etc.) pour appuyer leur propos, bien que cette pr\u00e9paration reste facultative.\r\n\r\nL'\u00e9preuve orale fait partie de la note finale du DNB et est affect\u00e9e d'un <strong>coefficient 2<\/strong>, au m\u00eame titre que le fran\u00e7ais, les math\u00e9matiques et les sciences. Elle est not\u00e9e sur 20 points, r\u00e9partis comme suit : 10 pour la qualit\u00e9 de l'expression orale (clart\u00e9, fluidit\u00e9, posture) et 10 pour le contenu et l'originalit\u00e9 du projet pr\u00e9sent\u00e9.\r\n\r\nLoin d'\u00eatre un simple bonus, cette \u00e9preuve peut faire la diff\u00e9rence et permettre d'obtenir une mention. Elle constitue \u00e9galement une belle opportunit\u00e9 pour les \u00e9l\u00e8ves de mettre en valeur leur engagement dans un projet.\r\n\r\nVoici mes conseils de <a href=\"https:\/\/cours-particuliers.com\/conseils-revision-bac\/\">r\u00e9visions du bac 2026<\/a>, si vous \u00eates lyc\u00e9en(ne) !\r\n<div style=\"background-color: #fff9e6; border-left: 4px solid #ffc107; padding: 20px; margin: 25px 0;\">\r\n\r\n<strong>\u2705 Bon r\u00e9flexe<\/strong>\r\n\r\nCommencez \u00e0 pr\u00e9parer votre oral d\u00e8s le mois de mars. Choisissez un sujet qui vous passionne et entra\u00eenez-vous r\u00e9guli\u00e8rement \u00e0 le pr\u00e9senter \u00e0 l'oral, seul devant un miroir ou devant vos proches.\r\n\r\n<\/div>\r\nEt connaissez-vous le <a href=\"https:\/\/cours-particuliers.com\/dates-importantes-baccalaureat\/\">calendrier des \u00e9preuves du bac 2026<\/a> ?\r\n<h2>Quand et comment consulter les r\u00e9sultats du brevet 2026 ?<\/h2>\r\nD\u00e9couvrez comment et quand vous pourrez consulter vos notes en fonction de votre acad\u00e9mie et de votre localisation.\r\n\r\n[caption id=\"attachment_199370\" align=\"aligncenter\" width=\"1024\"]<img class=\"size-large wp-image-199370\" src=\"https:\/\/cours-particuliers.com\/wp-content\/uploads\/2025\/04\/page-du-calendrier-1024x683.webp\" alt=\"Un agenda de l'ann\u00e9e 2026 sur un fond orange pour consulter les r\u00e9sultats du brevet.\" width=\"1024\" height=\"683\"> Pour de nombreux \u00e9l\u00e8ves, les \u00e9preuves du brevet ne sont qu'une simple formalit\u00e9 ![\/caption]\r\n<h3>Les r\u00e9sultats selon les acad\u00e9mies<\/h3>\r\nLes r\u00e9sultats du <strong>brevet 2026<\/strong> seront publi\u00e9s en juillet, mais la date exacte variera selon les acad\u00e9mies.\r\n\r\nEn g\u00e9n\u00e9ral, les \u00e9l\u00e8ves peuvent consulter leurs r\u00e9sultats \u00e0 partir du <strong>mardi 7 juillet 2026<\/strong>. Toutefois, pour la session de remplacement, les r\u00e9sultats pourraient \u00eatre disponibles \u00e0 partir de fin septembre. Chaque acad\u00e9mie fixera son propre planning, alors il est important de le v\u00e9rifier aupr\u00e8s des rectorats locaux.\r\n\r\nEt si vous preniez un professeur de soutien scolaire \u00e0 domicile pour <a href=\"https:\/\/cours-particuliers.com\/conseils-revision-bac-francais\/\">r\u00e9viser le bac de fran\u00e7ais<\/a> ?\r\n<h3>Bar\u00e8me et mentions du brevet 2026<\/h3>\r\n<strong>Nouveaut\u00e9 majeure 2026<\/strong> : le syst\u00e8me de notation sur 800 points dispara\u00eet ! Le DNB est d\u00e9sormais \u00e9valu\u00e9 sur une <strong>moyenne g\u00e9n\u00e9rale sur 20<\/strong>, calcul\u00e9e ainsi :\r\n<ul>\r\n \t<li><strong>40% contr\u00f4le continu<\/strong> : note globale de toutes les mati\u00e8res de 3\u00e8me (chaque discipline a le m\u00eame coefficient),<\/li>\r\n \t<li><strong>60% \u00e9preuves finales<\/strong> : notes globales obtenues aux cinq \u00e9preuves terminales.<\/li>\r\n<\/ul>\r\nPour obtenir le dipl\u00f4me, il faut <strong>avoir au moins 10\/20<\/strong>.\r\n\r\nLes mentions sont attribu\u00e9es selon les seuils suivants :\r\n<ul>\r\n \t<li>Mention Assez Bien : \u00e0 partir de 12\/20,<\/li>\r\n \t<li>Mention Bien : \u00e0 partir de 14\/20,<\/li>\r\n \t<li>Mention Tr\u00e8s Bien : \u00e0 partir de 16\/20,<\/li>\r\n \t<li>Mention Tr\u00e8s Bien avec f\u00e9licitations du jury : \u00e0 partir de 18\/20 (nouvelle distinction !).<\/li>\r\n<\/ul>\r\nLes points sup\u00e9rieurs \u00e0 10\/20 obtenus dans un enseignement facultatif (langues anciennes, chant choral, etc.) peuvent \u00eatre ajout\u00e9s en bonus.\r\n<div style=\"background-color: #e8f5e9; border-left: 4px solid #4caf50; padding: 20px; margin: 25px 0;\">\r\n\r\n<strong>\ud83d\udca1 Conseil<\/strong>\r\n\r\nConna\u00eetre les dates du brevet 2026 est essentiel pour organiser ses r\u00e9visions et aborder l'examen sereinement. Avec le nouveau syst\u00e8me de notation sur 20, les \u00e9preuves finales comptent d\u00e9sormais pour 60% de la note finale : chaque point compte ! Planifiez vos r\u00e9visions d\u00e8s le mois de mai en vous concentrant sur le fran\u00e7ais, les math\u00e9matiques, l'histoire-g\u00e9ographie et les sciences. Bon courage !\r\n\r\n<\/div>"},"excerpt":{"rendered":"<p>La classe de 3\u00e8me marque la fin des ann\u00e9es coll\u00e8ge avec le Dipl\u00f4me National du<\/p>\n","protected":false},"author":2,"featured_media":2726,"comment_status":"closed","ping_status":"open","sticky":false,"template":"","format":"standard","meta":{"_seopress_robots_primary_cat":"","_seopress_titles_title":"","_seopress_titles_desc":"","_seopress_robots_index":"","footnotes":""},"categories":[17],"tags":[],"class_list":["post-3463","post","type-post","status-publish","format-standard","has-post-thumbnail","hentry","category-vie-scolaire"],"_links":{"self":[{"href":"https:\/\/cours-particuliers.com\/ag_api\/wp\/v2\/posts\/3463","targetHints":{"allow":["GET"]}}],"collection":[{"href":"https:\/\/cours-particuliers.com\/ag_api\/wp\/v2\/posts"}],"about":[{"href":"https:\/\/cours-particuliers.com\/ag_api\/wp\/v2\/types\/post"}],"author":[{"embeddable":true,"href":"https:\/\/cours-particuliers.com\/ag_api\/wp\/v2\/users\/2"}],"replies":[{"embeddable":true,"href":"https:\/\/cours-particuliers.com\/ag_api\/wp\/v2\/comments?post=3463"}],"version-history":[{"count":3,"href":"https:\/\/cours-particuliers.com\/ag_api\/wp\/v2\/posts\/3463\/revisions"}],"predecessor-version":[{"id":3672,"href":"https:\/\/cours-particuliers.com\/ag_api\/wp\/v2\/posts\/3463\/revisions\/3672"}],"wp:featuredmedia":[{"embeddable":true,"href":"https:\/\/cours-particuliers.com\/ag_api\/wp\/v2\/media\/2726"}],"wp:attachment":[{"href":"https:\/\/cours-particuliers.com\/ag_api\/wp\/v2\/media?parent=3463"}],"wp:term":[{"taxonomy":"category","embeddable":true,"href":"https:\/\/cours-particuliers.com\/ag_api\/wp\/v2\/categories?post=3463"},{"taxonomy":"post_tag","embeddable":true,"href":"https:\/\/cours-particuliers.com\/ag_api\/wp\/v2\/tags?post=3463"}],"curies":[{"name":"wp","href":"https:\/\/api.w.org\/{rel}","templated":true}]}}